{"id":9847,"date":"2022-07-05T19:42:08","date_gmt":"2022-07-05T17:42:08","guid":{"rendered":"https:\/\/landesrat.hu\/9-singwoche-fachliche-fortbildung-der-chorleiter\/"},"modified":"2023-01-29T19:44:26","modified_gmt":"2023-01-29T18:44:26","slug":"9-singwoche-fachliche-fortbildung-der-chorleiter","status":"publish","type":"post","link":"https:\/\/landesrat.hu\/de\/9-singwoche-fachliche-fortbildung-der-chorleiter\/","title":{"rendered":"9. Singwoche \u2013 Fachliche Fortbildung der Chorleiter"},"content":{"rendered":"\n<div class=\"wp-block-columns is-layout-flex wp-container-core-columns-layout-1 wp-block-columns-is-layout-flex\">\n<div class=\"wp-block-column is-layout-flow wp-block-column-is-layout-flow\">\n<div class=\"wp-block-buttons is-content-justification-right is-layout-flex wp-block-buttons-is-layout-flex\">\n<div class=\"wp-block-button galeria-gomb\"><a class=\"wp-block-button__link\" href=\"#galeria\">Galeria<\/a><\/div>\n<\/div>\n<\/div>\n<\/div>\n\n<p><p>Die Singwoche ist die Fachwoche der Chorsektion des Landesrates, deren Ziel <strong>die Weiterbildung der Chorleiter bzw. die Entwicklung ihrer Fachkompetenzen<\/strong> sind. Dieses Jahr wurde die Fortbildung &#8211; diesmal in Plintenburg &#8211; zum 9. Mal mit Erfolg veranstaltet.<\/p><\/p>\n\n<p><p><strong>Neben der Bewahrung der Traditionen und der kulturellen Werte sind die Netzwerkbildung und die St\u00e4rkung des Zusammengeh\u00f6rigkeitsgef\u00fchls die Ziele der Fachwoche<\/strong>, die heuer wegen des obligatorischen Abstandhaltens in den vergangenen zwei Jahren noch kostbarer wurden.<\/p>&#13;\n<p>Die den Gesang liebenden Chormitglieder und Chorleiter aus dem ganzen Land sind wiederkehrende Teilnehmer des Programms. W\u00e4hrend der gemeinsamen Arbeit werden sie zu einem Freundeskreis zusammengeschwei\u00dft, der die Zusammenarbeit und den Erfahrungsaustausch f\u00f6rdert.<\/p><\/p>\n\n<p><p>Die Organisatorinnen und fachliche Leiterinnen der Singwoche waren Krisztina Kov\u00e1cs-F\u00f3di, die Vorsitzende der Chorsektion, und Hajnalka Pfeifer-Tak\u00e1cs, die Vizevorsitzende der Kirchenmusiksektion, denen wir auf diesem Wege f\u00fcr ihre ausdauernde und engagierte fachliche Arbeit danken.<\/p>&#13;\n<p>Beide werden von einer<strong> anspruchsvollen Fachlichkeit sowie einem umfangreichen musikalischen Wissen <\/strong>gekennzeichnet<strong>, die eine stabile Grundlage f\u00fcr die Zusammenstellung fachlicher Inhalte <\/strong>und<strong> die authentische Wertrettung bieten<\/strong>.<\/p><\/p>\n\n<p>F\u00fcr Krisztina Kov\u00e1cs-F\u00f3di ist es eine Herzensangelegenheit, die Chorleiter dazu zu bewegen, den authentischen Dialekt ihres Heimatortes niederzuschreiben. Sie bittet alle darum, die Volkslieder noch so lange aufzuzeichnen, bis die alten Menschen unter uns, die diese noch singen k\u00f6nnen. <\/p>\n\n<p><p>Auf diesen Schl\u00fcsselgedanken wurde \u201eMein Lied\u201d, ein beliebtes Programm der diesj\u00e4hrigen Fachwoche, gebaut.<\/p>&#13;\n<p>Die Teilnehmer <strong>brachten<\/strong> in Druck noch nicht ver\u00f6ffentlichte <strong>ungarndeutsche Lieder <\/strong>aus ihren Regionen <strong>mit sich<\/strong>, die dann vor Ort niedergeschrieben und einstudiert wurden. Die Sektionsvorsitzende fasste bei der Abschlussveranstaltung mit Freude zusammen, dass die Anwesenden auch dieses Jahr zahlreiche gesammelte Lieder mitgebracht h\u00e4tten, aus denen man bald ein Liederbuch herausgeben m\u00f6chte.<\/p>&#13;\n<p>In den Jahren stellte es sich heraus, dass es noch reichlich Materialien vorhanden sind! Deswegen ermutigte sie alle, <strong>sich Zuhause umzusehen und die wertvollen, authentischen Melodien zusammenzusammeln, damit die ungarndeutschen Dialekte erhalten bleiben.<\/strong><\/p><\/p>\n\n<p><p>Als eine Kuriosit\u00e4t ert\u00f6nte w\u00e4hrend der Singwoche auch die <strong>Truhenorgel des Landesrates<\/strong>. Mithilfe von L\u00e1szl\u00f3 Szax, dem Vorsitzenden der Sektion Kirchenmusik, konnten die sich an das ungarndeutsche Glaubensleben kn\u00fcpfenden, liturgischen Melodien mit Orgelbegleitung gesungen werden.<\/p><\/p>\n\n<p><p>Melodien in zwei Teilen vor: Den Kirchenliedern folgten die weltlichen, die <strong>von Gyula Ulrich und L\u00e1szl\u00f3 Kreisz auf Akkordeon begleitet<\/strong> wurden.<br\/>Als H\u00f6hepunkt des Abschlusskonzerts pr\u00e4sentierte <strong>Orgelk\u00fcnstler P\u00e9ter Kov\u00e1ts, Organist der Basilika in Gran<\/strong>, den Anwesenden, was so ein Instrument bietet. Wie es in einem kleinen Raum die innige Stimmung schaffen kann, die eine klassische Kirchenorgel in einer riesigen Kirche nicht so richtig erzeugen kann. Mit seinem hervorragenden, pr\u00e4zisen Spiel faszinierte er das Publikum.<\/p><\/p>\n\n<p><p>Die Veranstaltung beehrten auch <strong>D\u00e9nes Ulrich, der B\u00fcrgermeister von Plintenburg<\/strong>, <strong>Gregor Gallai, Sekret\u00e4r von Emmerich Ritter, dem Parlamentsabgeordneten der Ungarndeutschen. <br\/><\/strong>Die diesj\u00e4hrige Singwoche war wieder erfolgreich, die Ch\u00f6re wurden wieder mit neuen Werken bereichert, die Chorleiter erhielten Anleitungen, Ratschl\u00e4ge f\u00fcr die effiziente und freudenvolle Chorarbeit.<\/p><\/p>\n\n<p>Wir danken f\u00fcr die F\u00f6rderung der Singwoche dem Bundesministerium des Innern und f\u00fcr Heimat und der Landesselbstverwaltung der Ungarndeutschen.<\/p>\n\n<h2 class=\"wp-block-heading\" id=\"galeria\">Galerie<\/h2>\n\n<figure class=\"wp-block-gallery has-nested-images columns-default is-cropped wp-block-gallery-1 is-layout-flex wp-block-gallery-is-layout-flex\">\n<figure class=\"wp-block-image size-large\"><a href=\"https:\/\/landesrat.hu\/wp-content\/uploads\/2022\/07\/001-1024x576.jpg\"><img loading=\"lazy\" decoding=\"async\" width=\"1024\" height=\"576\" data-id=\"8291\" src=\"https:\/\/landesrat.hu\/wp-content\/uploads\/2022\/07\/001-1024x576.jpg\" alt=\"\" class=\"wp-image-8291\" srcset=\"https:\/\/landesrat.hu\/wp-content\/uploads\/2022\/07\/001-980x551.jpg 980w, https:\/\/landesrat.hu\/wp-content\/uploads\/2022\/07\/001-480x270.jpg 480w\" sizes=\"(min-width: 0px) and (max-width: 480px) 480px, (min-width: 481px) and (max-width: 980px) 980px, (min-width: 981px) 1024px, 100vw\" \/><\/a><\/figure>\n\n\n\n<figure class=\"wp-block-image size-large\"><a href=\"https:\/\/landesrat.hu\/wp-content\/uploads\/2022\/07\/002-1024x576.jpg\"><img loading=\"lazy\" decoding=\"async\" width=\"1024\" height=\"576\" data-id=\"8293\" src=\"https:\/\/landesrat.hu\/wp-content\/uploads\/2022\/07\/002-1024x576.jpg\" alt=\"\" class=\"wp-image-8293\" srcset=\"https:\/\/landesrat.hu\/wp-content\/uploads\/2022\/07\/002-980x551.jpg 980w, https:\/\/landesrat.hu\/wp-content\/uploads\/2022\/07\/002-480x270.jpg 480w\" sizes=\"(min-width: 0px) and (max-width: 480px) 480px, (min-width: 481px) and (max-width: 980px) 980px, (min-width: 981px) 1024px, 100vw\" \/><\/a><\/figure>\n\n\n\n<figure class=\"wp-block-image size-large\"><a href=\"https:\/\/landesrat.hu\/wp-content\/uploads\/2022\/07\/003.jpg\"><img loading=\"lazy\" decoding=\"async\" width=\"800\" height=\"800\" data-id=\"8265\" src=\"https:\/\/landesrat.hu\/wp-content\/uploads\/2022\/07\/003.jpg\" alt=\"\" class=\"wp-image-8265\" srcset=\"https:\/\/landesrat.hu\/wp-content\/uploads\/2022\/07\/003.jpg 800w, https:\/\/landesrat.hu\/wp-content\/uploads\/2022\/07\/003-480x480.jpg 480w\" sizes=\"(min-width: 0px) and (max-width: 480px) 480px, (min-width: 481px) 800px, 100vw\" \/><\/a><\/figure>\n\n\n\n<figure class=\"wp-block-image size-large\"><a href=\"https:\/\/landesrat.hu\/wp-content\/uploads\/2022\/07\/004.jpg\"><img loading=\"lazy\" decoding=\"async\" width=\"571\" height=\"800\" data-id=\"8257\" src=\"https:\/\/landesrat.hu\/wp-content\/uploads\/2022\/07\/004.jpg\" alt=\"\" class=\"wp-image-8257\" srcset=\"https:\/\/landesrat.hu\/wp-content\/uploads\/2022\/07\/004.jpg 571w, https:\/\/landesrat.hu\/wp-content\/uploads\/2022\/07\/004-480x673.jpg 480w\" sizes=\"(min-width: 0px) and (max-width: 480px) 480px, (min-width: 481px) 571px, 100vw\" \/><\/a><\/figure>\n\n\n\n<figure class=\"wp-block-image size-large\"><a href=\"https:\/\/landesrat.hu\/wp-content\/uploads\/2022\/07\/005-1024x576.jpg\"><img loading=\"lazy\" decoding=\"async\" width=\"1024\" height=\"576\" data-id=\"8283\" src=\"https:\/\/landesrat.hu\/wp-content\/uploads\/2022\/07\/005-1024x576.jpg\" alt=\"\" class=\"wp-image-8283\" srcset=\"https:\/\/landesrat.hu\/wp-content\/uploads\/2022\/07\/005-980x551.jpg 980w, https:\/\/landesrat.hu\/wp-content\/uploads\/2022\/07\/005-480x270.jpg 480w\" sizes=\"(min-width: 0px) and (max-width: 480px) 480px, (min-width: 481px) and (max-width: 980px) 980px, (min-width: 981px) 1024px, 100vw\" \/><\/a><\/figure>\n\n\n\n<figure class=\"wp-block-image size-large\"><a href=\"https:\/\/landesrat.hu\/wp-content\/uploads\/2022\/07\/006-1024x576.jpg\"><img loading=\"lazy\" decoding=\"async\" width=\"1024\" height=\"576\" data-id=\"8295\" src=\"https:\/\/landesrat.hu\/wp-content\/uploads\/2022\/07\/006-1024x576.jpg\" alt=\"\" class=\"wp-image-8295\" srcset=\"https:\/\/landesrat.hu\/wp-content\/uploads\/2022\/07\/006-980x551.jpg 980w, https:\/\/landesrat.hu\/wp-content\/uploads\/2022\/07\/006-480x270.jpg 480w\" sizes=\"(min-width: 0px) and (max-width: 480px) 480px, (min-width: 481px) and (max-width: 980px) 980px, (min-width: 981px) 1024px, 100vw\" \/><\/a><\/figure>\n\n\n\n<figure class=\"wp-block-image size-large\"><a href=\"https:\/\/landesrat.hu\/wp-content\/uploads\/2022\/07\/007-1024x576.jpg\"><img loading=\"lazy\" decoding=\"async\" width=\"1024\" height=\"576\" data-id=\"8297\" src=\"https:\/\/landesrat.hu\/wp-content\/uploads\/2022\/07\/007-1024x576.jpg\" alt=\"\" class=\"wp-image-8297\" srcset=\"https:\/\/landesrat.hu\/wp-content\/uploads\/2022\/07\/007-980x551.jpg 980w, https:\/\/landesrat.hu\/wp-content\/uploads\/2022\/07\/007-480x270.jpg 480w\" sizes=\"(min-width: 0px) and (max-width: 480px) 480px, (min-width: 481px) and (max-width: 980px) 980px, (min-width: 981px) 1024px, 100vw\" \/><\/a><\/figure>\n\n\n\n<figure class=\"wp-block-image size-large\"><a href=\"https:\/\/landesrat.hu\/wp-content\/uploads\/2022\/07\/008-1024x576.jpg\"><img loading=\"lazy\" decoding=\"async\" width=\"1024\" height=\"576\" data-id=\"8285\" src=\"https:\/\/landesrat.hu\/wp-content\/uploads\/2022\/07\/008-1024x576.jpg\" alt=\"\" class=\"wp-image-8285\" srcset=\"https:\/\/landesrat.hu\/wp-content\/uploads\/2022\/07\/008-980x551.jpg 980w, https:\/\/landesrat.hu\/wp-content\/uploads\/2022\/07\/008-480x270.jpg 480w\" sizes=\"(min-width: 0px) and (max-width: 480px) 480px, (min-width: 481px) and (max-width: 980px) 980px, (min-width: 981px) 1024px, 100vw\" \/><\/a><\/figure>\n\n\n\n<figure class=\"wp-block-image size-large\"><a href=\"https:\/\/landesrat.hu\/wp-content\/uploads\/2022\/07\/009-1024x576.jpg\"><img loading=\"lazy\" decoding=\"async\" width=\"1024\" height=\"576\" data-id=\"8307\" src=\"https:\/\/landesrat.hu\/wp-content\/uploads\/2022\/07\/009-1024x576.jpg\" alt=\"\" class=\"wp-image-8307\" srcset=\"https:\/\/landesrat.hu\/wp-content\/uploads\/2022\/07\/009-980x551.jpg 980w, https:\/\/landesrat.hu\/wp-content\/uploads\/2022\/07\/009-480x270.jpg 480w\" sizes=\"(min-width: 0px) and (max-width: 480px) 480px, (min-width: 481px) and (max-width: 980px) 980px, (min-width: 981px) 1024px, 100vw\" \/><\/a><\/figure>\n\n\n\n<figure class=\"wp-block-image size-large\"><a href=\"https:\/\/landesrat.hu\/wp-content\/uploads\/2022\/07\/0010.jpg\"><img loading=\"lazy\" decoding=\"async\" width=\"800\" height=\"800\" data-id=\"8267\" src=\"https:\/\/landesrat.hu\/wp-content\/uploads\/2022\/07\/0010.jpg\" alt=\"\" class=\"wp-image-8267\" srcset=\"https:\/\/landesrat.hu\/wp-content\/uploads\/2022\/07\/0010.jpg 800w, https:\/\/landesrat.hu\/wp-content\/uploads\/2022\/07\/0010-480x480.jpg 480w\" sizes=\"(min-width: 0px) and (max-width: 480px) 480px, (min-width: 481px) 800px, 100vw\" \/><\/a><\/figure>\n\n\n\n<figure class=\"wp-block-image size-large\"><a href=\"https:\/\/landesrat.hu\/wp-content\/uploads\/2022\/07\/0011-1024x576.jpg\"><img loading=\"lazy\" decoding=\"async\" width=\"1024\" height=\"576\" data-id=\"8299\" src=\"https:\/\/landesrat.hu\/wp-content\/uploads\/2022\/07\/0011-1024x576.jpg\" alt=\"\" class=\"wp-image-8299\" srcset=\"https:\/\/landesrat.hu\/wp-content\/uploads\/2022\/07\/0011-980x551.jpg 980w, https:\/\/landesrat.hu\/wp-content\/uploads\/2022\/07\/0011-480x270.jpg 480w\" sizes=\"(min-width: 0px) and (max-width: 480px) 480px, (min-width: 481px) and (max-width: 980px) 980px, (min-width: 981px) 1024px, 100vw\" \/><\/a><\/figure>\n\n\n\n<figure class=\"wp-block-image size-large\"><a href=\"https:\/\/landesrat.hu\/wp-content\/uploads\/2022\/07\/0012-1024x576.jpg\"><img loading=\"lazy\" decoding=\"async\" width=\"1024\" height=\"576\" data-id=\"8305\" src=\"https:\/\/landesrat.hu\/wp-content\/uploads\/2022\/07\/0012-1024x576.jpg\" alt=\"\" class=\"wp-image-8305\" srcset=\"https:\/\/landesrat.hu\/wp-content\/uploads\/2022\/07\/0012-980x551.jpg 980w, https:\/\/landesrat.hu\/wp-content\/uploads\/2022\/07\/0012-480x270.jpg 480w\" sizes=\"(min-width: 0px) and (max-width: 480px) 480px, (min-width: 481px) and (max-width: 980px) 980px, (min-width: 981px) 1024px, 100vw\" \/><\/a><\/figure>\n\n\n\n<figure class=\"wp-block-image size-large\"><a href=\"https:\/\/landesrat.hu\/wp-content\/uploads\/2022\/07\/0013-1024x576.jpg\"><img loading=\"lazy\" decoding=\"async\" width=\"1024\" height=\"576\" data-id=\"8301\" src=\"https:\/\/landesrat.hu\/wp-content\/uploads\/2022\/07\/0013-1024x576.jpg\" alt=\"\" class=\"wp-image-8301\" srcset=\"https:\/\/landesrat.hu\/wp-content\/uploads\/2022\/07\/0013-980x551.jpg 980w, https:\/\/landesrat.hu\/wp-content\/uploads\/2022\/07\/0013-480x270.jpg 480w\" sizes=\"(min-width: 0px) and (max-width: 480px) 480px, (min-width: 481px) and (max-width: 980px) 980px, (min-width: 981px) 1024px, 100vw\" \/><\/a><\/figure>\n\n\n\n<figure class=\"wp-block-image size-large\"><a href=\"https:\/\/landesrat.hu\/wp-content\/uploads\/2022\/07\/0014-1024x683.jpg\"><img loading=\"lazy\" decoding=\"async\" width=\"1024\" height=\"683\" data-id=\"8287\" src=\"https:\/\/landesrat.hu\/wp-content\/uploads\/2022\/07\/0014-1024x683.jpg\" alt=\"\" class=\"wp-image-8287\" srcset=\"https:\/\/landesrat.hu\/wp-content\/uploads\/2022\/07\/0014-1024x683.jpg 1024w, https:\/\/landesrat.hu\/wp-content\/uploads\/2022\/07\/0014-980x653.jpg 980w, https:\/\/landesrat.hu\/wp-content\/uploads\/2022\/07\/0014-480x320.jpg 480w\" sizes=\"(min-width: 0px) and (max-width: 480px) 480px, (min-width: 481px) and (max-width: 980px) 980px, (min-width: 981px) 1024px, 100vw\" \/><\/a><\/figure>\n\n\n\n<figure class=\"wp-block-image size-large\"><a href=\"https:\/\/landesrat.hu\/wp-content\/uploads\/2022\/07\/0015-1024x683.jpg\"><img loading=\"lazy\" decoding=\"async\" width=\"1024\" height=\"683\" data-id=\"8277\" src=\"https:\/\/landesrat.hu\/wp-content\/uploads\/2022\/07\/0015-1024x683.jpg\" alt=\"\" class=\"wp-image-8277\" srcset=\"https:\/\/landesrat.hu\/wp-content\/uploads\/2022\/07\/0015-1024x683.jpg 1024w, https:\/\/landesrat.hu\/wp-content\/uploads\/2022\/07\/0015-980x653.jpg 980w, https:\/\/landesrat.hu\/wp-content\/uploads\/2022\/07\/0015-480x320.jpg 480w\" sizes=\"(min-width: 0px) and (max-width: 480px) 480px, (min-width: 481px) and (max-width: 980px) 980px, (min-width: 981px) 1024px, 100vw\" \/><\/a><\/figure>\n\n\n\n<figure class=\"wp-block-image size-large\"><a href=\"https:\/\/landesrat.hu\/wp-content\/uploads\/2022\/07\/0017-1024x576.jpg\"><img loading=\"lazy\" decoding=\"async\" width=\"1024\" height=\"576\" data-id=\"8311\" src=\"https:\/\/landesrat.hu\/wp-content\/uploads\/2022\/07\/0017-1024x576.jpg\" alt=\"\" class=\"wp-image-8311\" srcset=\"https:\/\/landesrat.hu\/wp-content\/uploads\/2022\/07\/0017-980x551.jpg 980w, https:\/\/landesrat.hu\/wp-content\/uploads\/2022\/07\/0017-480x270.jpg 480w\" sizes=\"(min-width: 0px) and (max-width: 480px) 480px, (min-width: 481px) and (max-width: 980px) 980px, (min-width: 981px) 1024px, 100vw\" \/><\/a><\/figure>\n\n\n\n<figure class=\"wp-block-image size-large\"><a href=\"https:\/\/landesrat.hu\/wp-content\/uploads\/2022\/07\/0018.jpg\"><img loading=\"lazy\" decoding=\"async\" width=\"571\" height=\"800\" data-id=\"8259\" src=\"https:\/\/landesrat.hu\/wp-content\/uploads\/2022\/07\/0018.jpg\" alt=\"\" class=\"wp-image-8259\" srcset=\"https:\/\/landesrat.hu\/wp-content\/uploads\/2022\/07\/0018.jpg 571w, https:\/\/landesrat.hu\/wp-content\/uploads\/2022\/07\/0018-480x673.jpg 480w\" sizes=\"(min-width: 0px) and (max-width: 480px) 480px, (min-width: 481px) 571px, 100vw\" \/><\/a><\/figure>\n\n\n\n<figure class=\"wp-block-image size-large\"><a href=\"https:\/\/landesrat.hu\/wp-content\/uploads\/2022\/07\/0019-1024x576.jpg\"><img loading=\"lazy\" decoding=\"async\" width=\"1024\" height=\"576\" data-id=\"8309\" src=\"https:\/\/landesrat.hu\/wp-content\/uploads\/2022\/07\/0019-1024x576.jpg\" alt=\"\" class=\"wp-image-8309\" srcset=\"https:\/\/landesrat.hu\/wp-content\/uploads\/2022\/07\/0019-980x551.jpg 980w, https:\/\/landesrat.hu\/wp-content\/uploads\/2022\/07\/0019-480x270.jpg 480w\" sizes=\"(min-width: 0px) and (max-width: 480px) 480px, (min-width: 481px) and (max-width: 980px) 980px, (min-width: 981px) 1024px, 100vw\" \/><\/a><\/figure>\n\n\n\n<figure class=\"wp-block-image size-large\"><a href=\"https:\/\/landesrat.hu\/wp-content\/uploads\/2022\/07\/0020.jpg\"><img loading=\"lazy\" decoding=\"async\" width=\"571\" height=\"800\" data-id=\"8261\" src=\"https:\/\/landesrat.hu\/wp-content\/uploads\/2022\/07\/0020.jpg\" alt=\"\" class=\"wp-image-8261\" srcset=\"https:\/\/landesrat.hu\/wp-content\/uploads\/2022\/07\/0020.jpg 571w, https:\/\/landesrat.hu\/wp-content\/uploads\/2022\/07\/0020-480x673.jpg 480w\" sizes=\"(min-width: 0px) and (max-width: 480px) 480px, (min-width: 481px) 571px, 100vw\" \/><\/a><\/figure>\n\n\n\n<figure class=\"wp-block-image size-large\"><a href=\"https:\/\/landesrat.hu\/wp-content\/uploads\/2022\/07\/0021-1024x576.jpg\"><img loading=\"lazy\" decoding=\"async\" width=\"1024\" height=\"576\" data-id=\"8303\" src=\"https:\/\/landesrat.hu\/wp-content\/uploads\/2022\/07\/0021-1024x576.jpg\" alt=\"\" class=\"wp-image-8303\" srcset=\"https:\/\/landesrat.hu\/wp-content\/uploads\/2022\/07\/0021-980x551.jpg 980w, https:\/\/landesrat.hu\/wp-content\/uploads\/2022\/07\/0021-480x270.jpg 480w\" sizes=\"(min-width: 0px) and (max-width: 480px) 480px, (min-width: 481px) and (max-width: 980px) 980px, (min-width: 981px) 1024px, 100vw\" \/><\/a><\/figure>\n\n\n\n<figure class=\"wp-block-image size-large\"><a href=\"https:\/\/landesrat.hu\/wp-content\/uploads\/2022\/07\/0022-1024x576.jpg\"><img loading=\"lazy\" decoding=\"async\" width=\"1024\" height=\"576\" data-id=\"8315\" src=\"https:\/\/landesrat.hu\/wp-content\/uploads\/2022\/07\/0022-1024x576.jpg\" alt=\"\" class=\"wp-image-8315\" srcset=\"https:\/\/landesrat.hu\/wp-content\/uploads\/2022\/07\/0022-980x551.jpg 980w, https:\/\/landesrat.hu\/wp-content\/uploads\/2022\/07\/0022-480x270.jpg 480w\" sizes=\"(min-width: 0px) and (max-width: 480px) 480px, (min-width: 481px) and (max-width: 980px) 980px, (min-width: 981px) 1024px, 100vw\" \/><\/a><\/figure>\n\n\n\n<figure class=\"wp-block-image size-large\"><a href=\"https:\/\/landesrat.hu\/wp-content\/uploads\/2022\/07\/0023-1024x576.jpg\"><img loading=\"lazy\" decoding=\"async\" width=\"1024\" height=\"576\" data-id=\"8317\" src=\"https:\/\/landesrat.hu\/wp-content\/uploads\/2022\/07\/0023-1024x576.jpg\" alt=\"\" class=\"wp-image-8317\" srcset=\"https:\/\/landesrat.hu\/wp-content\/uploads\/2022\/07\/0023-980x551.jpg 980w, https:\/\/landesrat.hu\/wp-content\/uploads\/2022\/07\/0023-480x270.jpg 480w\" sizes=\"(min-width: 0px) and (max-width: 480px) 480px, (min-width: 481px) and (max-width: 980px) 980px, (min-width: 981px) 1024px, 100vw\" \/><\/a><\/figure>\n\n\n\n<figure class=\"wp-block-image size-large\"><a href=\"https:\/\/landesrat.hu\/wp-content\/uploads\/2022\/07\/0024.jpg\"><img loading=\"lazy\" decoding=\"async\" width=\"571\" height=\"800\" data-id=\"8263\" src=\"https:\/\/landesrat.hu\/wp-content\/uploads\/2022\/07\/0024.jpg\" alt=\"\" class=\"wp-image-8263\" srcset=\"https:\/\/landesrat.hu\/wp-content\/uploads\/2022\/07\/0024.jpg 571w, https:\/\/landesrat.hu\/wp-content\/uploads\/2022\/07\/0024-480x673.jpg 480w\" sizes=\"(min-width: 0px) and (max-width: 480px) 480px, (min-width: 481px) 571px, 100vw\" \/><\/a><\/figure>\n\n\n\n<figure class=\"wp-block-image size-large\"><a href=\"https:\/\/landesrat.hu\/wp-content\/uploads\/2022\/07\/0025-1024x683.jpg\"><img loading=\"lazy\" decoding=\"async\" width=\"1024\" height=\"683\" data-id=\"8281\" src=\"https:\/\/landesrat.hu\/wp-content\/uploads\/2022\/07\/0025-1024x683.jpg\" alt=\"\" class=\"wp-image-8281\" srcset=\"https:\/\/landesrat.hu\/wp-content\/uploads\/2022\/07\/0025-1024x683.jpg 1024w, https:\/\/landesrat.hu\/wp-content\/uploads\/2022\/07\/0025-980x653.jpg 980w, https:\/\/landesrat.hu\/wp-content\/uploads\/2022\/07\/0025-480x320.jpg 480w\" sizes=\"(min-width: 0px) and (max-width: 480px) 480px, (min-width: 481px) and (max-width: 980px) 980px, (min-width: 981px) 1024px, 100vw\" \/><\/a><\/figure>\n\n\n\n<figure class=\"wp-block-image size-large\"><a href=\"https:\/\/landesrat.hu\/wp-content\/uploads\/2022\/07\/0026.jpg\"><img loading=\"lazy\" decoding=\"async\" width=\"800\" height=\"800\" data-id=\"8273\" src=\"https:\/\/landesrat.hu\/wp-content\/uploads\/2022\/07\/0026.jpg\" alt=\"\" class=\"wp-image-8273\" srcset=\"https:\/\/landesrat.hu\/wp-content\/uploads\/2022\/07\/0026.jpg 800w, https:\/\/landesrat.hu\/wp-content\/uploads\/2022\/07\/0026-480x480.jpg 480w\" sizes=\"(min-width: 0px) and (max-width: 480px) 480px, (min-width: 481px) 800px, 100vw\" \/><\/a><\/figure>\n\n\n\n<figure class=\"wp-block-image size-large\"><a href=\"https:\/\/landesrat.hu\/wp-content\/uploads\/2022\/07\/0027-1024x731.jpg\"><img loading=\"lazy\" decoding=\"async\" width=\"1024\" height=\"731\" data-id=\"8275\" src=\"https:\/\/landesrat.hu\/wp-content\/uploads\/2022\/07\/0027-1024x731.jpg\" alt=\"\" class=\"wp-image-8275\" srcset=\"https:\/\/landesrat.hu\/wp-content\/uploads\/2022\/07\/0027-1024x731.jpg 1024w, https:\/\/landesrat.hu\/wp-content\/uploads\/2022\/07\/0027-980x700.jpg 980w, https:\/\/landesrat.hu\/wp-content\/uploads\/2022\/07\/0027-480x343.jpg 480w\" sizes=\"(min-width: 0px) and (max-width: 480px) 480px, (min-width: 481px) and (max-width: 980px) 980px, (min-width: 981px) 1024px, 100vw\" \/><\/a><\/figure>\n\n\n\n<figure class=\"wp-block-image size-large\"><a href=\"https:\/\/landesrat.hu\/wp-content\/uploads\/2022\/07\/0028-1024x683.jpg\"><img loading=\"lazy\" decoding=\"async\" width=\"1024\" height=\"683\" data-id=\"8279\" src=\"https:\/\/landesrat.hu\/wp-content\/uploads\/2022\/07\/0028-1024x683.jpg\" alt=\"\" class=\"wp-image-8279\" srcset=\"https:\/\/landesrat.hu\/wp-content\/uploads\/2022\/07\/0028-1024x683.jpg 1024w, https:\/\/landesrat.hu\/wp-content\/uploads\/2022\/07\/0028-980x653.jpg 980w, https:\/\/landesrat.hu\/wp-content\/uploads\/2022\/07\/0028-480x320.jpg 480w\" sizes=\"(min-width: 0px) and (max-width: 480px) 480px, (min-width: 481px) and (max-width: 980px) 980px, (min-width: 981px) 1024px, 100vw\" \/><\/a><\/figure>\n\n\n\n<figure class=\"wp-block-image size-large\"><a href=\"https:\/\/landesrat.hu\/wp-content\/uploads\/2022\/07\/0030-1024x576.jpg\"><img loading=\"lazy\" decoding=\"async\" width=\"1024\" height=\"576\" data-id=\"8289\" src=\"https:\/\/landesrat.hu\/wp-content\/uploads\/2022\/07\/0030-1024x576.jpg\" alt=\"\" class=\"wp-image-8289\" srcset=\"https:\/\/landesrat.hu\/wp-content\/uploads\/2022\/07\/0030-980x551.jpg 980w, https:\/\/landesrat.hu\/wp-content\/uploads\/2022\/07\/0030-480x270.jpg 480w\" sizes=\"(min-width: 0px) and (max-width: 480px) 480px, (min-width: 481px) and (max-width: 980px) 980px, (min-width: 981px) 1024px, 100vw\" \/><\/a><\/figure>\n\n\n\n<figure class=\"wp-block-image size-large\"><a href=\"https:\/\/landesrat.hu\/wp-content\/uploads\/2022\/07\/0031.jpg\"><img loading=\"lazy\" decoding=\"async\" width=\"800\" height=\"800\" data-id=\"8269\" src=\"https:\/\/landesrat.hu\/wp-content\/uploads\/2022\/07\/0031.jpg\" alt=\"\" class=\"wp-image-8269\" srcset=\"https:\/\/landesrat.hu\/wp-content\/uploads\/2022\/07\/0031.jpg 800w, https:\/\/landesrat.hu\/wp-content\/uploads\/2022\/07\/0031-480x480.jpg 480w\" sizes=\"(min-width: 0px) and (max-width: 480px) 480px, (min-width: 481px) 800px, 100vw\" \/><\/a><\/figure>\n\n\n\n<figure class=\"wp-block-image size-large\"><a href=\"https:\/\/landesrat.hu\/wp-content\/uploads\/2022\/07\/0032.jpg\"><img loading=\"lazy\" decoding=\"async\" width=\"800\" height=\"800\" data-id=\"8271\" src=\"https:\/\/landesrat.hu\/wp-content\/uploads\/2022\/07\/0032.jpg\" alt=\"\" class=\"wp-image-8271\" srcset=\"https:\/\/landesrat.hu\/wp-content\/uploads\/2022\/07\/0032.jpg 800w, https:\/\/landesrat.hu\/wp-content\/uploads\/2022\/07\/0032-480x480.jpg 480w\" sizes=\"(min-width: 0px) and (max-width: 480px) 480px, (min-width: 481px) 800px, 100vw\" \/><\/a><\/figure>\n\n\n\n<figure class=\"wp-block-image size-large\"><a href=\"https:\/\/landesrat.hu\/wp-content\/uploads\/2022\/07\/0033-1024x576.jpg\"><img loading=\"lazy\" decoding=\"async\" width=\"1024\" height=\"576\" data-id=\"8319\" src=\"https:\/\/landesrat.hu\/wp-content\/uploads\/2022\/07\/0033-1024x576.jpg\" alt=\"\" class=\"wp-image-8319\" srcset=\"https:\/\/landesrat.hu\/wp-content\/uploads\/2022\/07\/0033-980x551.jpg 980w, https:\/\/landesrat.hu\/wp-content\/uploads\/2022\/07\/0033-480x270.jpg 480w\" sizes=\"(min-width: 0px) and (max-width: 480px) 480px, (min-width: 481px) and (max-width: 980px) 980px, (min-width: 981px) 1024px, 100vw\" \/><\/a><\/figure>\n\n\n\n<figure class=\"wp-block-image size-large\"><a href=\"https:\/\/landesrat.hu\/wp-content\/uploads\/2022\/07\/0034-1024x468.jpg\"><img loading=\"lazy\" decoding=\"async\" width=\"1024\" height=\"468\" data-id=\"8313\" src=\"https:\/\/landesrat.hu\/wp-content\/uploads\/2022\/07\/0034-1024x468.jpg\" alt=\"\" class=\"wp-image-8313\" srcset=\"https:\/\/landesrat.hu\/wp-content\/uploads\/2022\/07\/0034-980x447.jpg 980w, https:\/\/landesrat.hu\/wp-content\/uploads\/2022\/07\/0034-480x219.jpg 480w\" sizes=\"(min-width: 0px) and (max-width: 480px) 480px, (min-width: 481px) and (max-width: 980px) 980px, (min-width: 981px) 1024px, 100vw\" \/><\/a><\/figure>\n<\/figure>\n","protected":false},"excerpt":{"rendered":"<p>Die Singwoche ist die Fachwoche der Chorsektion des Landesrates, deren Ziel die Weiterbildung der Chorleiter bzw. die Entwicklung ihrer Fachkompetenzen sind. Dieses Jahr wurde die Fortbildung &#8211; diesmal in Plintenburg [&hellip;]<\/p>\n","protected":false},"author":7,"featured_media":5122,"comment_status":"closed","ping_status":"closed","sticky":false,"template":"","format":"standard","meta":{"_et_pb_use_builder":"","_et_pb_old_content":"","_et_gb_content_width":"","inline_featured_image":false,"footnotes":""},"categories":[110,112,111,103],"tags":[],"_links":{"self":[{"href":"https:\/\/landesrat.hu\/de\/wp-json\/wp\/v2\/posts\/9847"}],"collection":[{"href":"https:\/\/landesrat.hu\/de\/wp-json\/wp\/v2\/posts"}],"about":[{"href":"https:\/\/landesrat.hu\/de\/wp-json\/wp\/v2\/types\/post"}],"author":[{"embeddable":true,"href":"https:\/\/landesrat.hu\/de\/wp-json\/wp\/v2\/users\/7"}],"replies":[{"embeddable":true,"href":"https:\/\/landesrat.hu\/de\/wp-json\/wp\/v2\/comments?post=9847"}],"version-history":[{"count":2,"href":"https:\/\/landesrat.hu\/de\/wp-json\/wp\/v2\/posts\/9847\/revisions"}],"predecessor-version":[{"id":9849,"href":"https:\/\/landesrat.hu\/de\/wp-json\/wp\/v2\/posts\/9847\/revisions\/9849"}],"wp:featuredmedia":[{"embeddable":true,"href":"https:\/\/landesrat.hu\/de\/wp-json\/wp\/v2\/media\/5122"}],"wp:attachment":[{"href":"https:\/\/landesrat.hu\/de\/wp-json\/wp\/v2\/media?parent=9847"}],"wp:term":[{"taxonomy":"category","embeddable":true,"href":"https:\/\/landesrat.hu\/de\/wp-json\/wp\/v2\/categories?post=9847"},{"taxonomy":"post_tag","embeddable":true,"href":"https:\/\/landesrat.hu\/de\/wp-json\/wp\/v2\/tags?post=9847"}],"curies":[{"name":"wp","href":"https:\/\/api.w.org\/{rel}","templated":true}]}}