{"id":9837,"date":"2022-08-22T22:15:02","date_gmt":"2022-08-22T20:15:02","guid":{"rendered":"https:\/\/landesrat.hu\/zusammenfassung-ueber-die-ereignisse-der-vollversammlung-des-weltdachverbandes-der-donauschwaben\/"},"modified":"2023-01-29T21:29:08","modified_gmt":"2023-01-29T20:29:08","slug":"zusammenfassung-ueber-die-ereignisse-der-vollversammlung-des-weltdachverbandes-der-donauschwaben","status":"publish","type":"post","link":"https:\/\/landesrat.hu\/de\/zusammenfassung-ueber-die-ereignisse-der-vollversammlung-des-weltdachverbandes-der-donauschwaben\/","title":{"rendered":"Zusammenfassung \u00fcber die Ereignisse der Vollversammlung des Weltdachverbandes der Donauschwaben"},"content":{"rendered":"\n<p>Der Weltdachverband der Donauschwaben hielt am 27. Juli eine Vollversammlung in Mosbach ab, in dessen Rahmen Stefan Ihas, der bisherige Pr\u00e4sident der Organisation, wiedergew\u00e4hlt wurde. Im Namen des Landesrates gratulieren wir auf diesem Weg dem Herrn Vorsitzenden!<\/p>\n\n<p><p>Bei der Vollversammlung wurde auch <strong>Josef Jerger, der gesch\u00e4ftsf\u00fchrende Vizepr\u00e4sident, in seinem Amt bekr\u00e4ftigt.<\/strong><br\/>Es ist eine erfreuliche Nachricht, dass neben den Delegierten aus Deutschland\u00a0 auch die aus den USA und Kanada anwesend waren.<\/p><\/p>\n\n<p>Stefan Ihas erw\u00e4hnte in seiner Rede die Reisen zur Kontaktpflege und die Welttreffen, dabei hob er das 2019 in Ungarn und Rum\u00e4nien mit gro\u00dfem Erfolg veranstaltete Treffen.&#13;\nDie Reisenden hatten ein unvergleichbares Erlebnis w\u00e4hrend ihrer Reise und auf den Veranstaltungen, wof\u00fcr er den Organisatoren einen Dank aussprach. Das n\u00e4chste Welttreffen wird in Baje stattfinden.&#13;\n<\/p>\n\n<p>Der Pr\u00e4sident betrachtet es als ein wichtiges Ergebnis, dass die Donauschwaben in Entre Rios in Brasilien ihr 70-j\u00e4hriges Jubil\u00e4um veranstalten konnten, denn die Pandemie hat in den vergangenen Jahren uns alle hernahmen. Stefan Ihas erl\u00e4uterte anschlie\u00dfend, dass er die Vorstandsmitglieder k\u00fcnftig auch in die gemeinsame Arbeit einbinden wolle, damit der Teamgeist sich st\u00e4rke. Er erw\u00e4hnte auch die Rolle der Digitalisierung, als ein Mittel f\u00fcr die effektive Netzwerkbildung. <\/p>\n\n<p>Stefan Ihas betonte, dass er neben der Jugendarbeit die Pflege und Weitergabe des Kulturschatzes der donauschw\u00e4bischen Vorfahren als das wichtigste Ziel des Verbandes betrachte.<\/p>\n\n<p>Die Wahlergebnisse:<\/p>\n\n<p><p><strong>Pr\u00e4sident: Stefan Ihas (Deutschland)<\/strong><br\/><strong>Gesch\u00e4ftsf\u00fchrender Vizepr\u00e4sident: Josef Jerger (Deutschland)<\/strong><\/p><\/p>\n\n<p><p><strong>Vizepr\u00e4sidenten: Viviane Sch\u00fcssler (Brasilien), Robert Filippi (USA), Glenn Herold (Kanada), L\u00e1szl\u00f3 Kreisz (Ungarn), Paul Mahr (\u00d6sterreich), J\u00fcrgen Harich (Donauschwaben Deutschland), Christine Neu (Banater Schwaben Deutschland)<\/strong><\/p>&#13;\n<p><strong>Schriftf\u00fchrerin: Maria K. Zugmann-Weber (\u00d6sterreich)<\/strong><\/p>&#13;\n<p><strong>Kassenwartin: Elisabeth Ziemer (Deutschland)<\/strong><\/p>&#13;\n<p><strong>Kassenpr\u00fcfer: Thomas Er\u00f6s (Deutschland), Rose-Maria Hauer (USA)<\/strong><\/p>&#13;\n<p><strong>Vertreter der Jugend- und Trachtengruppen in: Europa \u2013 Sandra Peric (Deutschland), Nordamerika \u2013 Anna Martini (USA), Kanada \u2013 Shayla Herold (Kanada), S\u00fcdamerika \u2013 Nikita Geier (Brasilien), Ungarn \u2013 Edina Bunth (Ungarn)<\/strong><\/p><\/p>\n\n<figure class=\"wp-block-image size-large\"><img loading=\"lazy\" decoding=\"async\" width=\"1024\" height=\"732\" src=\"https:\/\/landesrat.hu\/wp-content\/uploads\/2022\/09\/IMG-20220724-WA0001-1024x732.jpeg\" alt=\"\" class=\"wp-image-8811\" srcset=\"https:\/\/landesrat.hu\/wp-content\/uploads\/2022\/09\/IMG-20220724-WA0001-980x700.jpeg 980w, https:\/\/landesrat.hu\/wp-content\/uploads\/2022\/09\/IMG-20220724-WA0001-480x343.jpeg 480w\" sizes=\"(min-width: 0px) and (max-width: 480px) 480px, (min-width: 481px) and (max-width: 980px) 980px, (min-width: 981px) 1024px, 100vw\" \/><\/figure>\n","protected":false},"excerpt":{"rendered":"<p>Der Weltdachverband der Donauschwaben hielt am 27. Juli eine Vollversammlung in Mosbach ab, in dessen Rahmen Stefan Ihas, der bisherige Pr\u00e4sident der Organisation, wiedergew\u00e4hlt wurde. Im Namen des Landesrates gratulieren [&hellip;]<\/p>\n","protected":false},"author":7,"featured_media":5460,"comment_status":"closed","ping_status":"closed","sticky":false,"template":"","format":"standard","meta":{"_et_pb_use_builder":"","_et_pb_old_content":"","_et_gb_content_width":"","inline_featured_image":false,"footnotes":""},"categories":[103],"tags":[],"_links":{"self":[{"href":"https:\/\/landesrat.hu\/de\/wp-json\/wp\/v2\/posts\/9837"}],"collection":[{"href":"https:\/\/landesrat.hu\/de\/wp-json\/wp\/v2\/posts"}],"about":[{"href":"https:\/\/landesrat.hu\/de\/wp-json\/wp\/v2\/types\/post"}],"author":[{"embeddable":true,"href":"https:\/\/landesrat.hu\/de\/wp-json\/wp\/v2\/users\/7"}],"replies":[{"embeddable":true,"href":"https:\/\/landesrat.hu\/de\/wp-json\/wp\/v2\/comments?post=9837"}],"version-history":[{"count":1,"href":"https:\/\/landesrat.hu\/de\/wp-json\/wp\/v2\/posts\/9837\/revisions"}],"predecessor-version":[{"id":9838,"href":"https:\/\/landesrat.hu\/de\/wp-json\/wp\/v2\/posts\/9837\/revisions\/9838"}],"wp:featuredmedia":[{"embeddable":true,"href":"https:\/\/landesrat.hu\/de\/wp-json\/wp\/v2\/media\/5460"}],"wp:attachment":[{"href":"https:\/\/landesrat.hu\/de\/wp-json\/wp\/v2\/media?parent=9837"}],"wp:term":[{"taxonomy":"category","embeddable":true,"href":"https:\/\/landesrat.hu\/de\/wp-json\/wp\/v2\/categories?post=9837"},{"taxonomy":"post_tag","embeddable":true,"href":"https:\/\/landesrat.hu\/de\/wp-json\/wp\/v2\/tags?post=9837"}],"curies":[{"name":"wp","href":"https:\/\/api.w.org\/{rel}","templated":true}]}}