{"id":9833,"date":"2022-09-19T22:06:36","date_gmt":"2022-09-19T20:06:36","guid":{"rendered":"https:\/\/landesrat.hu\/verhandlung-zwischen-den-donauschwaebischen-organisationen-und-dem-landesrat-wird-fortgesetzt\/"},"modified":"2023-01-28T22:07:51","modified_gmt":"2023-01-28T21:07:51","slug":"verhandlung-zwischen-den-donauschwaebischen-organisationen-und-dem-landesrat-wird-fortgesetzt","status":"publish","type":"post","link":"https:\/\/landesrat.hu\/de\/verhandlung-zwischen-den-donauschwaebischen-organisationen-und-dem-landesrat-wird-fortgesetzt\/","title":{"rendered":"Verhandlung zwischen den donauschw\u00e4bischen Organisationen und dem Landesrat wird fortgesetzt"},"content":{"rendered":"\n<p><p><br\/>Am 14. September trafen sich die Vertreter der donauschw\u00e4bischen Dachverb\u00e4nde &#8211; <strong>der Landsmannschaft der Deutschen aus Ungarn, der Donaudeutschen Landsmannschaft Speyer sowie des Landesrates<\/strong> &#8211; in Speyer (Baden-W\u00fcrttemberg), im Haus Pannonia der Donaudeutschen Landsmannschaft Speyer.<\/p><\/p>\n\n<p><p>Das Ziel der Besprechung war, die im Herbst 2021 in Mosbach aufgeworfenen Ideen weiterzuentwickeln, diesmal vor allem in Bezug auf die Jugend.<\/p><p>Die Anwesenden dr\u00e4ngten auf <strong>die grenz\u00fcberschreitende Kontaktkn\u00fcpfung zwischen Jugendkulturgruppen in Deutschland und Ungarn,<\/strong> die folgenderweise angeregt wird:<br\/><br\/><\/p><\/p>\n\n<p><p><strong>&#8211; pers\u00f6nlich durch Gastauftritte der Jugendgruppen,<br\/><\/strong><strong>&#8211; grenz\u00fcberschreitende Kontakt- und Netzwerkbildung,<br\/><\/strong><strong>&#8211; online, durch die aktive Pr\u00e4senz und das Kontakthalten auf Social-Media-Plattformen.<\/strong><\/p><\/p>\n\n<p><p>Anwesende bei der Besprechung waren:<br\/>Joschi Ament, Bundesvorsitzender der Landsmannschaft der Deutschen aus Ungarn,<br\/><strong>Paul N\u00e4gl,<\/strong> stellvertretender Vorsitzender der Donaudeutschen Landsmannschaft Speyer,<br\/><strong>Sandra Peric<\/strong>, Bundesjugendleiterin der Landsmannschaft der Deutschen aus Ungarn,<br\/><strong>L\u00e1szl\u00f3 Kreisz<\/strong>, Vorsitzender des Landesrates.<\/p><\/p>\n\n<p>Die Vertreter der Organisationen setzen sich im Herbst 2023 wieder zusammen, um \u00fcber die n\u00e4chsten Schritte der Zusammenarbeit und deren Rahmenbedingungen zu diskutieren.&#13;\n<\/p>\n\n<figure class=\"wp-block-image aligncenter size-large is-resized\"><img loading=\"lazy\" decoding=\"async\" src=\"https:\/\/landesrat.hu\/wp-content\/uploads\/2022\/09\/Speyer-Pannonia-Haus-20220914-1024x1024.jpeg\" alt=\"\" class=\"wp-image-8864\" width=\"692\" height=\"692\"\/><\/figure>\n\n<p><\/p>\n","protected":false},"excerpt":{"rendered":"<p>Am 14. September trafen sich die Vertreter der donauschw\u00e4bischen Dachverb\u00e4nde &#8211; der Landsmannschaft der Deutschen aus Ungarn, der Donaudeutschen Landsmannschaft Speyer sowie des Landesrates &#8211; in Speyer (Baden-W\u00fcrttemberg), im Haus [&hellip;]<\/p>\n","protected":false},"author":7,"featured_media":5460,"comment_status":"closed","ping_status":"closed","sticky":false,"template":"","format":"standard","meta":{"_et_pb_use_builder":"","_et_pb_old_content":"","_et_gb_content_width":"","inline_featured_image":false,"footnotes":""},"categories":[103],"tags":[],"_links":{"self":[{"href":"https:\/\/landesrat.hu\/de\/wp-json\/wp\/v2\/posts\/9833"}],"collection":[{"href":"https:\/\/landesrat.hu\/de\/wp-json\/wp\/v2\/posts"}],"about":[{"href":"https:\/\/landesrat.hu\/de\/wp-json\/wp\/v2\/types\/post"}],"author":[{"embeddable":true,"href":"https:\/\/landesrat.hu\/de\/wp-json\/wp\/v2\/users\/7"}],"replies":[{"embeddable":true,"href":"https:\/\/landesrat.hu\/de\/wp-json\/wp\/v2\/comments?post=9833"}],"version-history":[{"count":1,"href":"https:\/\/landesrat.hu\/de\/wp-json\/wp\/v2\/posts\/9833\/revisions"}],"predecessor-version":[{"id":9834,"href":"https:\/\/landesrat.hu\/de\/wp-json\/wp\/v2\/posts\/9833\/revisions\/9834"}],"wp:featuredmedia":[{"embeddable":true,"href":"https:\/\/landesrat.hu\/de\/wp-json\/wp\/v2\/media\/5460"}],"wp:attachment":[{"href":"https:\/\/landesrat.hu\/de\/wp-json\/wp\/v2\/media?parent=9833"}],"wp:term":[{"taxonomy":"category","embeddable":true,"href":"https:\/\/landesrat.hu\/de\/wp-json\/wp\/v2\/categories?post=9833"},{"taxonomy":"post_tag","embeddable":true,"href":"https:\/\/landesrat.hu\/de\/wp-json\/wp\/v2\/tags?post=9833"}],"curies":[{"name":"wp","href":"https:\/\/api.w.org\/{rel}","templated":true}]}}