{"id":9830,"date":"2022-10-26T21:57:05","date_gmt":"2022-10-26T19:57:05","guid":{"rendered":"https:\/\/landesrat.hu\/chorgesang-erfuellte-die-waschludter-sankt-michael-kirche-beim-fest-der-kirchenmusik\/"},"modified":"2023-01-30T14:49:50","modified_gmt":"2023-01-30T13:49:50","slug":"chorgesang-erfuellte-die-waschludter-sankt-michael-kirche-beim-fest-der-kirchenmusik","status":"publish","type":"post","link":"https:\/\/landesrat.hu\/de\/chorgesang-erfuellte-die-waschludter-sankt-michael-kirche-beim-fest-der-kirchenmusik\/","title":{"rendered":"Chorgesang erf\u00fcllte die Waschludter Sankt-Michael-Kirche beim Fest der Kirchenmusik"},"content":{"rendered":"\n<div class=\"wp-block-columns is-layout-flex wp-container-core-columns-layout-1 wp-block-columns-is-layout-flex\">\n<div class=\"wp-block-column is-layout-flow wp-block-column-is-layout-flow\">\n<div class=\"wp-block-buttons is-content-justification-right is-layout-flex wp-block-buttons-is-layout-flex\">\n<div class=\"wp-block-button galeria-gomb\"><a class=\"wp-block-button__link\" href=\"#galeria\">Galeria<\/a><\/div>\n<\/div>\n<\/div>\n<\/div>\n\n<p><p>Die Sektion f\u00fcr Kirchenmusik betrachtet es als eine grundlegende Aufgabe, <strong>das deutschsprachige Glaubensleben und die deutschsprachige Kirchenmusik neu zu beleben<\/strong>. Sie organisiert in diesem Sinne von Jahr zu Jahr das Fest der ungarndeutschen Kirchenmusik, an dem Ch\u00f6re aus dem ganzen Land teilnehmen.<\/p><\/p>\n\n<p><p><strong>Dieses Jahr war Waschludt der Gastgeber der Veranstaltung am 22. Oktober.<\/strong> Das Fest begann traditionell mit einer heiligen Messe, die vom Pfarrer Gy\u00f6rgy Kocsi zelebriert wurde.<\/p><\/p>\n\n<p><p>Danach sangen die Ch\u00f6re wie in den Vorjahren in drei Gruppen. Die ersten zwei Chorgruppen trugen <strong>zweistimmige, die dritte zwei- und mehrstimmige Kirchenlieder<\/strong> vor. Das Programm endete mit dem Ert\u00f6nen der gemeinsam gelernten Melodien, die alle teilnehmenden Gruppen zusammen sangen.<br\/>Es kommt auf dem Kirchenmusikfest h\u00e4ufig vor, dass neben den Ch\u00f6ren auch Blaskapellen das Programm beleben. Diesmal \u00fcbernahm die \u00dcberleitung <strong>die Waschludter L\u00f6der Buam Kapelle,<\/strong> die nach dem Konzert die Teilnehmer und G\u00e4ste w\u00e4hrend des Nachmittages weiter unterhielt.<\/p><\/p>\n\n<p><p><strong><u>Die beim Konzert mitwirkenden Ch\u00f6re waren:<\/u><\/strong><\/p><\/p>\n\n<p><p><strong>Deutscher Nationalit\u00e4tensingkreis von Polan<\/strong><br\/><strong>Deutscher Nationalit\u00e4tensingkreis, Rendek<\/strong><br\/><strong>Gemischtchor \u201eMagyarpol\u00e1ny Hangja\u201d<\/strong><br\/><strong>Liederschatz-Chor, Budapest, 18. Bezirk<\/strong><br\/><strong>Deutscher Nationalit\u00e4tensingkreis, Herend<\/strong><br\/><strong>Istv\u00e1n Steixner Deutscher Nationalit\u00e4tenverein<\/strong><\/p><\/p>\n\n<p><p><strong>Chor Heimatkl\u00e4nge, Raab<\/strong><br\/><strong>Kleindorog-Teveler Wiesental-Chor<br\/><\/strong><strong>Liederkreis Heidenr\u00f6slein, Wieselburg-Ungarisch-Altenburg<br\/><\/strong><strong>Deutscher Nationalit\u00e4tenchor Rosmarein, Hanselbeck<br\/><\/strong><strong>Deutscher Nationalit\u00e4tenchor, Mesch<br\/><\/strong><strong>Deutscher Nationalit\u00e4tenchor Sonnenblume<br\/><\/strong><strong>Waschludter Gemischtchor<br\/><\/strong><strong>Sankt-Michael-Chor, Waschludt<br\/><\/strong><strong>Deutscher Nationalit\u00e4tensingkreis, Herend<\/strong><\/p><\/p>\n\n<p>Die Veranstaltung beehrten durch ihre Anwesenheit Pfarrer Gy\u00f6rgy Kocsi, Pfarrer Bence Varga-Csik\u00e1sz, Antal Perlaki, Vorsitzender der Kirchengemeinde, Tibor Weisz, Vizeb\u00fcrgermeister von Waschludt, Notarin Dr. Ren\u00e1ta \u00c1d\u00e1m, sowie Maria Staub und Helmut Schneider, die Vertreter der Waschludter Deutschen Nationalit\u00e4tenselbstverwaltung.<\/p>\n\n<p>Die Veranstaltung wurde mit der Unterst\u00fctzung des Bundesministeriums des Innern und f\u00fcr Heimat und der Landesselbstverwaltung der Ungarndeutschen organisiert.<\/p>\n\n<h2 class=\"wp-block-heading\" id=\"galeria\">Galerie<\/h2>\n\n<figure class=\"wp-block-gallery has-nested-images columns-default is-cropped wp-block-gallery-1 is-layout-flex wp-block-gallery-is-layout-flex\">\n<figure class=\"wp-block-image size-large\"><a href=\"https:\/\/landesrat.hu\/wp-content\/uploads\/2022\/10\/LKIR22-12.jpg\"><img loading=\"lazy\" decoding=\"async\" width=\"1423\" height=\"800\" data-id=\"8944\" src=\"https:\/\/landesrat.hu\/wp-content\/uploads\/2022\/10\/LKIR22-12.jpg\" alt=\"\" class=\"wp-image-8944\" srcset=\"https:\/\/landesrat.hu\/wp-content\/uploads\/2022\/10\/LKIR22-12.jpg 1423w, https:\/\/landesrat.hu\/wp-content\/uploads\/2022\/10\/LKIR22-12-1280x720.jpg 1280w, https:\/\/landesrat.hu\/wp-content\/uploads\/2022\/10\/LKIR22-12-980x551.jpg 980w, https:\/\/landesrat.hu\/wp-content\/uploads\/2022\/10\/LKIR22-12-480x270.jpg 480w\" sizes=\"(min-width: 0px) and (max-width: 480px) 480px, (min-width: 481px) and (max-width: 980px) 980px, (min-width: 981px) and (max-width: 1280px) 1280px, (min-width: 1281px) 1423px, 100vw\" \/><\/a><\/figure>\n\n\n\n<figure class=\"wp-block-image size-large\"><a href=\"https:\/\/landesrat.hu\/wp-content\/uploads\/2022\/10\/LKIR22-04.jpg\"><img loading=\"lazy\" decoding=\"async\" width=\"1422\" height=\"800\" data-id=\"8936\" src=\"https:\/\/landesrat.hu\/wp-content\/uploads\/2022\/10\/LKIR22-04.jpg\" alt=\"\" class=\"wp-image-8936\" srcset=\"https:\/\/landesrat.hu\/wp-content\/uploads\/2022\/10\/LKIR22-04.jpg 1422w, https:\/\/landesrat.hu\/wp-content\/uploads\/2022\/10\/LKIR22-04-1280x720.jpg 1280w, https:\/\/landesrat.hu\/wp-content\/uploads\/2022\/10\/LKIR22-04-980x551.jpg 980w, https:\/\/landesrat.hu\/wp-content\/uploads\/2022\/10\/LKIR22-04-480x270.jpg 480w\" sizes=\"(min-width: 0px) and (max-width: 480px) 480px, (min-width: 481px) and (max-width: 980px) 980px, (min-width: 981px) and (max-width: 1280px) 1280px, (min-width: 1281px) 1422px, 100vw\" \/><\/a><\/figure>\n\n\n\n<figure class=\"wp-block-image size-large\"><a href=\"https:\/\/landesrat.hu\/wp-content\/uploads\/2022\/10\/LKIR22-11.jpg\"><img loading=\"lazy\" decoding=\"async\" width=\"800\" height=\"800\" data-id=\"8942\" src=\"https:\/\/landesrat.hu\/wp-content\/uploads\/2022\/10\/LKIR22-11.jpg\" alt=\"\" class=\"wp-image-8942\" srcset=\"https:\/\/landesrat.hu\/wp-content\/uploads\/2022\/10\/LKIR22-11.jpg 800w, https:\/\/landesrat.hu\/wp-content\/uploads\/2022\/10\/LKIR22-11-480x480.jpg 480w\" sizes=\"(min-width: 0px) and (max-width: 480px) 480px, (min-width: 481px) 800px, 100vw\" \/><\/a><\/figure>\n\n\n\n<figure class=\"wp-block-image size-large\"><a href=\"https:\/\/landesrat.hu\/wp-content\/uploads\/2022\/10\/LKIR22-31.jpg\"><img loading=\"lazy\" decoding=\"async\" width=\"1423\" height=\"800\" data-id=\"8970\" src=\"https:\/\/landesrat.hu\/wp-content\/uploads\/2022\/10\/LKIR22-31.jpg\" alt=\"\" class=\"wp-image-8970\" srcset=\"https:\/\/landesrat.hu\/wp-content\/uploads\/2022\/10\/LKIR22-31.jpg 1423w, https:\/\/landesrat.hu\/wp-content\/uploads\/2022\/10\/LKIR22-31-1280x720.jpg 1280w, https:\/\/landesrat.hu\/wp-content\/uploads\/2022\/10\/LKIR22-31-980x551.jpg 980w, https:\/\/landesrat.hu\/wp-content\/uploads\/2022\/10\/LKIR22-31-480x270.jpg 480w\" sizes=\"(min-width: 0px) and (max-width: 480px) 480px, (min-width: 481px) and (max-width: 980px) 980px, (min-width: 981px) and (max-width: 1280px) 1280px, (min-width: 1281px) 1423px, 100vw\" \/><\/a><\/figure>\n\n\n\n<figure class=\"wp-block-image size-large\"><a href=\"https:\/\/landesrat.hu\/wp-content\/uploads\/2022\/10\/LKIR22-16.jpg\"><img loading=\"lazy\" decoding=\"async\" width=\"1423\" height=\"800\" data-id=\"8950\" src=\"https:\/\/landesrat.hu\/wp-content\/uploads\/2022\/10\/LKIR22-16.jpg\" alt=\"\" class=\"wp-image-8950\" srcset=\"https:\/\/landesrat.hu\/wp-content\/uploads\/2022\/10\/LKIR22-16.jpg 1423w, https:\/\/landesrat.hu\/wp-content\/uploads\/2022\/10\/LKIR22-16-1280x720.jpg 1280w, https:\/\/landesrat.hu\/wp-content\/uploads\/2022\/10\/LKIR22-16-980x551.jpg 980w, https:\/\/landesrat.hu\/wp-content\/uploads\/2022\/10\/LKIR22-16-480x270.jpg 480w\" sizes=\"(min-width: 0px) and (max-width: 480px) 480px, (min-width: 481px) and (max-width: 980px) 980px, (min-width: 981px) and (max-width: 1280px) 1280px, (min-width: 1281px) 1423px, 100vw\" \/><\/a><\/figure>\n\n\n\n<figure class=\"wp-block-image size-large\"><a href=\"https:\/\/landesrat.hu\/wp-content\/uploads\/2022\/10\/LKIR22-30.jpg\"><img loading=\"lazy\" decoding=\"async\" width=\"1422\" height=\"800\" data-id=\"8968\" src=\"https:\/\/landesrat.hu\/wp-content\/uploads\/2022\/10\/LKIR22-30.jpg\" alt=\"\" class=\"wp-image-8968\" srcset=\"https:\/\/landesrat.hu\/wp-content\/uploads\/2022\/10\/LKIR22-30.jpg 1422w, https:\/\/landesrat.hu\/wp-content\/uploads\/2022\/10\/LKIR22-30-1280x720.jpg 1280w, https:\/\/landesrat.hu\/wp-content\/uploads\/2022\/10\/LKIR22-30-980x551.jpg 980w, https:\/\/landesrat.hu\/wp-content\/uploads\/2022\/10\/LKIR22-30-480x270.jpg 480w\" sizes=\"(min-width: 0px) and (max-width: 480px) 480px, (min-width: 481px) and (max-width: 980px) 980px, (min-width: 981px) and (max-width: 1280px) 1280px, (min-width: 1281px) 1422px, 100vw\" \/><\/a><\/figure>\n\n\n\n<figure class=\"wp-block-image size-large\"><a href=\"https:\/\/landesrat.hu\/wp-content\/uploads\/2022\/10\/LKIR22-29.jpg\"><img loading=\"lazy\" decoding=\"async\" width=\"571\" height=\"800\" data-id=\"8966\" src=\"https:\/\/landesrat.hu\/wp-content\/uploads\/2022\/10\/LKIR22-29.jpg\" alt=\"\" class=\"wp-image-8966\" srcset=\"https:\/\/landesrat.hu\/wp-content\/uploads\/2022\/10\/LKIR22-29.jpg 571w, https:\/\/landesrat.hu\/wp-content\/uploads\/2022\/10\/LKIR22-29-480x673.jpg 480w\" sizes=\"(min-width: 0px) and (max-width: 480px) 480px, (min-width: 481px) 571px, 100vw\" \/><\/a><\/figure>\n\n\n\n<figure class=\"wp-block-image size-large\"><a href=\"https:\/\/landesrat.hu\/wp-content\/uploads\/2022\/10\/LKIR22-28.jpg\"><img loading=\"lazy\" decoding=\"async\" width=\"1423\" height=\"800\" data-id=\"8964\" src=\"https:\/\/landesrat.hu\/wp-content\/uploads\/2022\/10\/LKIR22-28.jpg\" alt=\"\" class=\"wp-image-8964\" srcset=\"https:\/\/landesrat.hu\/wp-content\/uploads\/2022\/10\/LKIR22-28.jpg 1423w, https:\/\/landesrat.hu\/wp-content\/uploads\/2022\/10\/LKIR22-28-1280x720.jpg 1280w, https:\/\/landesrat.hu\/wp-content\/uploads\/2022\/10\/LKIR22-28-980x551.jpg 980w, https:\/\/landesrat.hu\/wp-content\/uploads\/2022\/10\/LKIR22-28-480x270.jpg 480w\" sizes=\"(min-width: 0px) and (max-width: 480px) 480px, (min-width: 481px) and (max-width: 980px) 980px, (min-width: 981px) and (max-width: 1280px) 1280px, (min-width: 1281px) 1423px, 100vw\" \/><\/a><\/figure>\n\n\n\n<figure class=\"wp-block-image size-large\"><a href=\"https:\/\/landesrat.hu\/wp-content\/uploads\/2022\/10\/LKIR22-24.jpg\"><img loading=\"lazy\" decoding=\"async\" width=\"1423\" height=\"800\" data-id=\"8962\" src=\"https:\/\/landesrat.hu\/wp-content\/uploads\/2022\/10\/LKIR22-24.jpg\" alt=\"\" class=\"wp-image-8962\" srcset=\"https:\/\/landesrat.hu\/wp-content\/uploads\/2022\/10\/LKIR22-24.jpg 1423w, https:\/\/landesrat.hu\/wp-content\/uploads\/2022\/10\/LKIR22-24-1280x720.jpg 1280w, https:\/\/landesrat.hu\/wp-content\/uploads\/2022\/10\/LKIR22-24-980x551.jpg 980w, https:\/\/landesrat.hu\/wp-content\/uploads\/2022\/10\/LKIR22-24-480x270.jpg 480w\" sizes=\"(min-width: 0px) and (max-width: 480px) 480px, (min-width: 481px) and (max-width: 980px) 980px, (min-width: 981px) and (max-width: 1280px) 1280px, (min-width: 1281px) 1423px, 100vw\" \/><\/a><\/figure>\n\n\n\n<figure class=\"wp-block-image size-large\"><a href=\"https:\/\/landesrat.hu\/wp-content\/uploads\/2022\/10\/LKIR22-21.jpg\"><img loading=\"lazy\" decoding=\"async\" width=\"1422\" height=\"800\" data-id=\"8960\" src=\"https:\/\/landesrat.hu\/wp-content\/uploads\/2022\/10\/LKIR22-21.jpg\" alt=\"\" class=\"wp-image-8960\" srcset=\"https:\/\/landesrat.hu\/wp-content\/uploads\/2022\/10\/LKIR22-21.jpg 1422w, https:\/\/landesrat.hu\/wp-content\/uploads\/2022\/10\/LKIR22-21-1280x720.jpg 1280w, https:\/\/landesrat.hu\/wp-content\/uploads\/2022\/10\/LKIR22-21-980x551.jpg 980w, https:\/\/landesrat.hu\/wp-content\/uploads\/2022\/10\/LKIR22-21-480x270.jpg 480w\" sizes=\"(min-width: 0px) and (max-width: 480px) 480px, (min-width: 481px) and (max-width: 980px) 980px, (min-width: 981px) and (max-width: 1280px) 1280px, (min-width: 1281px) 1422px, 100vw\" \/><\/a><\/figure>\n\n\n\n<figure class=\"wp-block-image size-large\"><a href=\"https:\/\/landesrat.hu\/wp-content\/uploads\/2022\/10\/LKIR22-20.jpg\"><img loading=\"lazy\" decoding=\"async\" width=\"1422\" height=\"800\" data-id=\"8958\" src=\"https:\/\/landesrat.hu\/wp-content\/uploads\/2022\/10\/LKIR22-20.jpg\" alt=\"\" class=\"wp-image-8958\" srcset=\"https:\/\/landesrat.hu\/wp-content\/uploads\/2022\/10\/LKIR22-20.jpg 1422w, https:\/\/landesrat.hu\/wp-content\/uploads\/2022\/10\/LKIR22-20-1280x720.jpg 1280w, https:\/\/landesrat.hu\/wp-content\/uploads\/2022\/10\/LKIR22-20-980x551.jpg 980w, https:\/\/landesrat.hu\/wp-content\/uploads\/2022\/10\/LKIR22-20-480x270.jpg 480w\" sizes=\"(min-width: 0px) and (max-width: 480px) 480px, (min-width: 481px) and (max-width: 980px) 980px, (min-width: 981px) and (max-width: 1280px) 1280px, (min-width: 1281px) 1422px, 100vw\" \/><\/a><\/figure>\n\n\n\n<figure class=\"wp-block-image size-large\"><a href=\"https:\/\/landesrat.hu\/wp-content\/uploads\/2022\/10\/LKIR22-19.jpg\"><img loading=\"lazy\" decoding=\"async\" width=\"1423\" height=\"800\" data-id=\"8956\" src=\"https:\/\/landesrat.hu\/wp-content\/uploads\/2022\/10\/LKIR22-19.jpg\" alt=\"\" class=\"wp-image-8956\" srcset=\"https:\/\/landesrat.hu\/wp-content\/uploads\/2022\/10\/LKIR22-19.jpg 1423w, https:\/\/landesrat.hu\/wp-content\/uploads\/2022\/10\/LKIR22-19-1280x720.jpg 1280w, https:\/\/landesrat.hu\/wp-content\/uploads\/2022\/10\/LKIR22-19-980x551.jpg 980w, https:\/\/landesrat.hu\/wp-content\/uploads\/2022\/10\/LKIR22-19-480x270.jpg 480w\" sizes=\"(min-width: 0px) and (max-width: 480px) 480px, (min-width: 481px) and (max-width: 980px) 980px, (min-width: 981px) and (max-width: 1280px) 1280px, (min-width: 1281px) 1423px, 100vw\" \/><\/a><\/figure>\n\n\n\n<figure class=\"wp-block-image size-large\"><a href=\"https:\/\/landesrat.hu\/wp-content\/uploads\/2022\/10\/LKIR22-18.jpg\"><img loading=\"lazy\" decoding=\"async\" width=\"1423\" height=\"800\" data-id=\"8954\" src=\"https:\/\/landesrat.hu\/wp-content\/uploads\/2022\/10\/LKIR22-18.jpg\" alt=\"\" class=\"wp-image-8954\" srcset=\"https:\/\/landesrat.hu\/wp-content\/uploads\/2022\/10\/LKIR22-18.jpg 1423w, https:\/\/landesrat.hu\/wp-content\/uploads\/2022\/10\/LKIR22-18-1280x720.jpg 1280w, https:\/\/landesrat.hu\/wp-content\/uploads\/2022\/10\/LKIR22-18-980x551.jpg 980w, https:\/\/landesrat.hu\/wp-content\/uploads\/2022\/10\/LKIR22-18-480x270.jpg 480w\" sizes=\"(min-width: 0px) and (max-width: 480px) 480px, (min-width: 481px) and (max-width: 980px) 980px, (min-width: 981px) and (max-width: 1280px) 1280px, (min-width: 1281px) 1423px, 100vw\" \/><\/a><\/figure>\n\n\n\n<figure class=\"wp-block-image size-large\"><a href=\"https:\/\/landesrat.hu\/wp-content\/uploads\/2022\/10\/LKIR22-17.jpg\"><img loading=\"lazy\" decoding=\"async\" width=\"1423\" height=\"800\" data-id=\"8952\" src=\"https:\/\/landesrat.hu\/wp-content\/uploads\/2022\/10\/LKIR22-17.jpg\" alt=\"\" class=\"wp-image-8952\" srcset=\"https:\/\/landesrat.hu\/wp-content\/uploads\/2022\/10\/LKIR22-17.jpg 1423w, https:\/\/landesrat.hu\/wp-content\/uploads\/2022\/10\/LKIR22-17-1280x720.jpg 1280w, https:\/\/landesrat.hu\/wp-content\/uploads\/2022\/10\/LKIR22-17-980x551.jpg 980w, https:\/\/landesrat.hu\/wp-content\/uploads\/2022\/10\/LKIR22-17-480x270.jpg 480w\" sizes=\"(min-width: 0px) and (max-width: 480px) 480px, (min-width: 481px) and (max-width: 980px) 980px, (min-width: 981px) and (max-width: 1280px) 1280px, (min-width: 1281px) 1423px, 100vw\" \/><\/a><\/figure>\n\n\n\n<figure class=\"wp-block-image size-large\"><a href=\"https:\/\/landesrat.hu\/wp-content\/uploads\/2022\/10\/LKIR22-15.jpg\"><img loading=\"lazy\" decoding=\"async\" width=\"1423\" height=\"800\" data-id=\"8948\" src=\"https:\/\/landesrat.hu\/wp-content\/uploads\/2022\/10\/LKIR22-15.jpg\" alt=\"\" class=\"wp-image-8948\" srcset=\"https:\/\/landesrat.hu\/wp-content\/uploads\/2022\/10\/LKIR22-15.jpg 1423w, https:\/\/landesrat.hu\/wp-content\/uploads\/2022\/10\/LKIR22-15-1280x720.jpg 1280w, https:\/\/landesrat.hu\/wp-content\/uploads\/2022\/10\/LKIR22-15-980x551.jpg 980w, https:\/\/landesrat.hu\/wp-content\/uploads\/2022\/10\/LKIR22-15-480x270.jpg 480w\" sizes=\"(min-width: 0px) and (max-width: 480px) 480px, (min-width: 481px) and (max-width: 980px) 980px, (min-width: 981px) and (max-width: 1280px) 1280px, (min-width: 1281px) 1423px, 100vw\" \/><\/a><\/figure>\n\n\n\n<figure class=\"wp-block-image size-large\"><a href=\"https:\/\/landesrat.hu\/wp-content\/uploads\/2022\/10\/LKIR22-13.jpg\"><img loading=\"lazy\" decoding=\"async\" width=\"1423\" height=\"800\" data-id=\"8946\" src=\"https:\/\/landesrat.hu\/wp-content\/uploads\/2022\/10\/LKIR22-13.jpg\" alt=\"\" class=\"wp-image-8946\" srcset=\"https:\/\/landesrat.hu\/wp-content\/uploads\/2022\/10\/LKIR22-13.jpg 1423w, https:\/\/landesrat.hu\/wp-content\/uploads\/2022\/10\/LKIR22-13-1280x720.jpg 1280w, https:\/\/landesrat.hu\/wp-content\/uploads\/2022\/10\/LKIR22-13-980x551.jpg 980w, https:\/\/landesrat.hu\/wp-content\/uploads\/2022\/10\/LKIR22-13-480x270.jpg 480w\" sizes=\"(min-width: 0px) and (max-width: 480px) 480px, (min-width: 481px) and (max-width: 980px) 980px, (min-width: 981px) and (max-width: 1280px) 1280px, (min-width: 1281px) 1423px, 100vw\" \/><\/a><\/figure>\n\n\n\n<figure class=\"wp-block-image size-large\"><a href=\"https:\/\/landesrat.hu\/wp-content\/uploads\/2022\/10\/LKIR22-06.jpg\"><img loading=\"lazy\" decoding=\"async\" width=\"1423\" height=\"800\" data-id=\"8940\" src=\"https:\/\/landesrat.hu\/wp-content\/uploads\/2022\/10\/LKIR22-06.jpg\" alt=\"\" class=\"wp-image-8940\" srcset=\"https:\/\/landesrat.hu\/wp-content\/uploads\/2022\/10\/LKIR22-06.jpg 1423w, https:\/\/landesrat.hu\/wp-content\/uploads\/2022\/10\/LKIR22-06-1280x720.jpg 1280w, https:\/\/landesrat.hu\/wp-content\/uploads\/2022\/10\/LKIR22-06-980x551.jpg 980w, https:\/\/landesrat.hu\/wp-content\/uploads\/2022\/10\/LKIR22-06-480x270.jpg 480w\" sizes=\"(min-width: 0px) and (max-width: 480px) 480px, (min-width: 481px) and (max-width: 980px) 980px, (min-width: 981px) and (max-width: 1280px) 1280px, (min-width: 1281px) 1423px, 100vw\" \/><\/a><\/figure>\n\n\n\n<figure class=\"wp-block-image size-large\"><a href=\"https:\/\/landesrat.hu\/wp-content\/uploads\/2022\/10\/LKIR22-05.jpg\"><img loading=\"lazy\" decoding=\"async\" width=\"1423\" height=\"800\" data-id=\"8938\" src=\"https:\/\/landesrat.hu\/wp-content\/uploads\/2022\/10\/LKIR22-05.jpg\" alt=\"\" class=\"wp-image-8938\" srcset=\"https:\/\/landesrat.hu\/wp-content\/uploads\/2022\/10\/LKIR22-05.jpg 1423w, https:\/\/landesrat.hu\/wp-content\/uploads\/2022\/10\/LKIR22-05-1280x720.jpg 1280w, https:\/\/landesrat.hu\/wp-content\/uploads\/2022\/10\/LKIR22-05-980x551.jpg 980w, https:\/\/landesrat.hu\/wp-content\/uploads\/2022\/10\/LKIR22-05-480x270.jpg 480w\" sizes=\"(min-width: 0px) and (max-width: 480px) 480px, (min-width: 481px) and (max-width: 980px) 980px, (min-width: 981px) and (max-width: 1280px) 1280px, (min-width: 1281px) 1423px, 100vw\" \/><\/a><\/figure>\n\n\n\n<figure class=\"wp-block-image size-large\"><a href=\"https:\/\/landesrat.hu\/wp-content\/uploads\/2022\/10\/LKIR22-03.jpg\"><img loading=\"lazy\" decoding=\"async\" width=\"800\" height=\"800\" data-id=\"8934\" src=\"https:\/\/landesrat.hu\/wp-content\/uploads\/2022\/10\/LKIR22-03.jpg\" alt=\"\" class=\"wp-image-8934\" srcset=\"https:\/\/landesrat.hu\/wp-content\/uploads\/2022\/10\/LKIR22-03.jpg 800w, https:\/\/landesrat.hu\/wp-content\/uploads\/2022\/10\/LKIR22-03-480x480.jpg 480w\" sizes=\"(min-width: 0px) and (max-width: 480px) 480px, (min-width: 481px) 800px, 100vw\" \/><\/a><\/figure>\n\n\n\n<figure class=\"wp-block-image size-large\"><a href=\"https:\/\/landesrat.hu\/wp-content\/uploads\/2022\/10\/LKIR22-02.jpg\"><img loading=\"lazy\" decoding=\"async\" width=\"1422\" height=\"800\" data-id=\"8932\" src=\"https:\/\/landesrat.hu\/wp-content\/uploads\/2022\/10\/LKIR22-02.jpg\" alt=\"\" class=\"wp-image-8932\" srcset=\"https:\/\/landesrat.hu\/wp-content\/uploads\/2022\/10\/LKIR22-02.jpg 1422w, https:\/\/landesrat.hu\/wp-content\/uploads\/2022\/10\/LKIR22-02-1280x720.jpg 1280w, https:\/\/landesrat.hu\/wp-content\/uploads\/2022\/10\/LKIR22-02-980x551.jpg 980w, https:\/\/landesrat.hu\/wp-content\/uploads\/2022\/10\/LKIR22-02-480x270.jpg 480w\" sizes=\"(min-width: 0px) and (max-width: 480px) 480px, (min-width: 481px) and (max-width: 980px) 980px, (min-width: 981px) and (max-width: 1280px) 1280px, (min-width: 1281px) 1422px, 100vw\" \/><\/a><\/figure>\n\n\n\n<figure class=\"wp-block-image size-large\"><a href=\"https:\/\/landesrat.hu\/wp-content\/uploads\/2022\/10\/LKIR22-36.jpg\"><img loading=\"lazy\" decoding=\"async\" width=\"800\" height=\"800\" data-id=\"8972\" src=\"https:\/\/landesrat.hu\/wp-content\/uploads\/2022\/10\/LKIR22-36.jpg\" alt=\"\" class=\"wp-image-8972\" srcset=\"https:\/\/landesrat.hu\/wp-content\/uploads\/2022\/10\/LKIR22-36.jpg 800w, https:\/\/landesrat.hu\/wp-content\/uploads\/2022\/10\/LKIR22-36-480x480.jpg 480w\" sizes=\"(min-width: 0px) and (max-width: 480px) 480px, (min-width: 481px) 800px, 100vw\" \/><\/a><\/figure>\n\n\n\n<figure class=\"wp-block-image size-large\"><a href=\"https:\/\/landesrat.hu\/wp-content\/uploads\/2022\/10\/LKIR22-37.jpg\"><img loading=\"lazy\" decoding=\"async\" width=\"800\" height=\"800\" data-id=\"8974\" src=\"https:\/\/landesrat.hu\/wp-content\/uploads\/2022\/10\/LKIR22-37.jpg\" alt=\"\" class=\"wp-image-8974\" srcset=\"https:\/\/landesrat.hu\/wp-content\/uploads\/2022\/10\/LKIR22-37.jpg 800w, https:\/\/landesrat.hu\/wp-content\/uploads\/2022\/10\/LKIR22-37-480x480.jpg 480w\" sizes=\"(min-width: 0px) and (max-width: 480px) 480px, (min-width: 481px) 800px, 100vw\" \/><\/a><\/figure>\n\n\n\n<figure class=\"wp-block-image size-large\"><a href=\"https:\/\/landesrat.hu\/wp-content\/uploads\/2022\/10\/LKIR22-38.jpg\"><img loading=\"lazy\" decoding=\"async\" width=\"800\" height=\"800\" data-id=\"8976\" src=\"https:\/\/landesrat.hu\/wp-content\/uploads\/2022\/10\/LKIR22-38.jpg\" alt=\"\" class=\"wp-image-8976\" srcset=\"https:\/\/landesrat.hu\/wp-content\/uploads\/2022\/10\/LKIR22-38.jpg 800w, https:\/\/landesrat.hu\/wp-content\/uploads\/2022\/10\/LKIR22-38-480x480.jpg 480w\" sizes=\"(min-width: 0px) and (max-width: 480px) 480px, (min-width: 481px) 800px, 100vw\" \/><\/a><\/figure>\n\n\n\n<figure class=\"wp-block-image size-large\"><a href=\"https:\/\/landesrat.hu\/wp-content\/uploads\/2022\/10\/LKIR22-01.jpg\"><img loading=\"lazy\" decoding=\"async\" width=\"800\" height=\"800\" data-id=\"8930\" src=\"https:\/\/landesrat.hu\/wp-content\/uploads\/2022\/10\/LKIR22-01.jpg\" alt=\"\" class=\"wp-image-8930\" srcset=\"https:\/\/landesrat.hu\/wp-content\/uploads\/2022\/10\/LKIR22-01.jpg 800w, https:\/\/landesrat.hu\/wp-content\/uploads\/2022\/10\/LKIR22-01-480x480.jpg 480w\" sizes=\"(min-width: 0px) and (max-width: 480px) 480px, (min-width: 481px) 800px, 100vw\" \/><\/a><\/figure>\n<\/figure>\n","protected":false},"excerpt":{"rendered":"<p>Die Sektion f\u00fcr Kirchenmusik betrachtet es als eine grundlegende Aufgabe, das deutschsprachige Glaubensleben und die deutschsprachige Kirchenmusik neu zu beleben. Sie organisiert in diesem Sinne von Jahr zu Jahr das [&hellip;]<\/p>\n","protected":false},"author":7,"featured_media":5125,"comment_status":"closed","ping_status":"closed","sticky":false,"template":"","format":"standard","meta":{"_et_pb_use_builder":"","_et_pb_old_content":"","_et_gb_content_width":"","inline_featured_image":false,"footnotes":""},"categories":[94,96,103],"tags":[],"_links":{"self":[{"href":"https:\/\/landesrat.hu\/de\/wp-json\/wp\/v2\/posts\/9830"}],"collection":[{"href":"https:\/\/landesrat.hu\/de\/wp-json\/wp\/v2\/posts"}],"about":[{"href":"https:\/\/landesrat.hu\/de\/wp-json\/wp\/v2\/types\/post"}],"author":[{"embeddable":true,"href":"https:\/\/landesrat.hu\/de\/wp-json\/wp\/v2\/users\/7"}],"replies":[{"embeddable":true,"href":"https:\/\/landesrat.hu\/de\/wp-json\/wp\/v2\/comments?post=9830"}],"version-history":[{"count":2,"href":"https:\/\/landesrat.hu\/de\/wp-json\/wp\/v2\/posts\/9830\/revisions"}],"predecessor-version":[{"id":9907,"href":"https:\/\/landesrat.hu\/de\/wp-json\/wp\/v2\/posts\/9830\/revisions\/9907"}],"wp:featuredmedia":[{"embeddable":true,"href":"https:\/\/landesrat.hu\/de\/wp-json\/wp\/v2\/media\/5125"}],"wp:attachment":[{"href":"https:\/\/landesrat.hu\/de\/wp-json\/wp\/v2\/media?parent=9830"}],"wp:term":[{"taxonomy":"category","embeddable":true,"href":"https:\/\/landesrat.hu\/de\/wp-json\/wp\/v2\/categories?post=9830"},{"taxonomy":"post_tag","embeddable":true,"href":"https:\/\/landesrat.hu\/de\/wp-json\/wp\/v2\/tags?post=9830"}],"curies":[{"name":"wp","href":"https:\/\/api.w.org\/{rel}","templated":true}]}}