{"id":8800,"date":"2022-09-01T16:06:22","date_gmt":"2022-09-01T14:06:22","guid":{"rendered":"https:\/\/landesrat.hu\/viii-jao-musikwoche-fiatal-zeneszeknek-de\/"},"modified":"2022-09-01T16:11:02","modified_gmt":"2022-09-01T14:11:02","slug":"viii-jao-musikwoche-fiatal-zeneszeknek-de","status":"publish","type":"post","link":"https:\/\/landesrat.hu\/de\/viii-jao-musikwoche-fiatal-zeneszeknek-de\/","title":{"rendered":"VIII. JAO Musikwoche fiatal zen\u00e9szeknek &#8211; DE"},"content":{"rendered":"\n<div class=\"wp-block-columns is-layout-flex wp-container-core-columns-layout-1 wp-block-columns-is-layout-flex\">\n<div class=\"wp-block-column is-layout-flow wp-block-column-is-layout-flow\">\n<div class=\"wp-block-buttons is-content-justification-right is-layout-flex wp-block-buttons-is-layout-flex\">\n<div class=\"wp-block-button galeria-gomb\"><a class=\"wp-block-button__link\" href=\"#galeria\">Galeria<\/a><\/div>\n<\/div>\n<\/div>\n<\/div>\n\n\n\n<p>A zenekari szekci\u00f3 JAO Musikwoche t\u00e1bor\u00e1ban fiatal f\u00fav\u00f3szen\u00e9szek n\u00e9pes\u00edtett\u00e9k be a v\u00e1rosl\u0151di Iglauer Parkot augusztus 8. \u00e9s 13. k\u00f6z\u00f6tt. <\/p>\n\n\n\n<p>A szekci\u00f3 fontosnak tartja a tehets\u00e9ges fiatal gener\u00e1ci\u00f3 szakmai tov\u00e1bbk\u00e9pz\u00e9s\u00e9t, ez\u00e9rt is rendezte meg id\u00e9n is a 2003-ig visszany\u00fal\u00f3 gy\u00f6kerekre \u00e9p\u00fcl\u0151 szakmai t\u00e1bort.<\/p>\n\n\n\n<p>A r\u00e9sztvev\u0151k <strong>a t\u00e1bor szakmai vezet\u0151inek, Kasz\u00e1s S\u00e1ndor, a zenekari szekci\u00f3 eln\u00f6k\u00e9nek \u00e9s Kozek Bal\u00e1zs, a kiszenekari szekci\u00f3 eln\u00f6k\u00e9nek<\/strong> ir\u00e1nymutat\u00e1sai alapj\u00e1n fejleszthett\u00e9k zenei tud\u00e1sunkat.<\/p>\n\n\n\n<p>A hagyom\u00e1nyokhoz h\u0171en a JAO-Musikwoche t\u00e1bor g\u00e1laprogrammal v\u00e9gz\u0151d\u00f6tt volna, azonban ez az esem\u00e9ny id\u00e9n elmaradt, ugyanis az azt megel\u0151z\u0151 napon sajnos covid fert\u0151z\u00e9s miatt le kellett z\u00e1rni a t\u00e1bort. A biztons\u00e1g \u00e9rdek\u00e9ben felel\u0151s d\u00f6nt\u00e9st hozott a t\u00e1borvezet\u00e9s \u00e9s elhalasztott\u00e1k a g\u00e1lam\u0171sort. A fiatal muzsikusok egy k\u00e9s\u0151bbi id\u0151pontban fogj\u00e1k majd bemutatni a k\u00f6z\u00f6ns\u00e9gnek produkci\u00f3jukat.<\/p>\n\n\n\n<p>Addig is fogadj\u00e1k szeretettel k\u00e9pes besz\u00e1mol\u00f3nkat.<\/p>\n\n\n\n<p>A szakmai h\u00e9t a N\u00e9met Sz\u00f6vets\u00e9gi Bel\u00fcgyminiszt\u00e9rium (BMI) \u00e9s a Magyarorsz\u00e1gi N\u00e9metek Orsz\u00e1gos \u00d6nkorm\u00e1nyzata (LDU) t\u00e1mogat\u00e1s\u00e1val val\u00f3sult meg.<\/p>\n\n\n\n<h2 class=\"wp-block-heading\" id=\"galeria\">Galerie<\/h2>\n\n\n\n<figure class=\"wp-block-gallery has-nested-images columns-default is-cropped wp-block-gallery-1 is-layout-flex wp-block-gallery-is-layout-flex\">\n<figure class=\"wp-block-image size-large\"><a href=\"https:\/\/landesrat.hu\/wp-content\/uploads\/2022\/08\/LJAO22-06.jpg\"><img loading=\"lazy\" decoding=\"async\" width=\"1422\" height=\"800\" data-id=\"8777\" src=\"https:\/\/landesrat.hu\/wp-content\/uploads\/2022\/08\/LJAO22-06.jpg\" alt=\"\" class=\"wp-image-8777\" srcset=\"https:\/\/landesrat.hu\/wp-content\/uploads\/2022\/08\/LJAO22-06.jpg 1422w, https:\/\/landesrat.hu\/wp-content\/uploads\/2022\/08\/LJAO22-06-1280x720.jpg 1280w, https:\/\/landesrat.hu\/wp-content\/uploads\/2022\/08\/LJAO22-06-980x551.jpg 980w, https:\/\/landesrat.hu\/wp-content\/uploads\/2022\/08\/LJAO22-06-480x270.jpg 480w\" sizes=\"(min-width: 0px) and (max-width: 480px) 480px, (min-width: 481px) and (max-width: 980px) 980px, (min-width: 981px) and (max-width: 1280px) 1280px, (min-width: 1281px) 1422px, 100vw\" \/><\/a><\/figure>\n\n\n\n<figure class=\"wp-block-image size-large\"><a href=\"https:\/\/landesrat.hu\/wp-content\/uploads\/2022\/08\/LJAO22-05.jpg\"><img loading=\"lazy\" decoding=\"async\" width=\"1778\" height=\"800\" data-id=\"8779\" src=\"https:\/\/landesrat.hu\/wp-content\/uploads\/2022\/08\/LJAO22-05.jpg\" alt=\"\" class=\"wp-image-8779\" srcset=\"https:\/\/landesrat.hu\/wp-content\/uploads\/2022\/08\/LJAO22-05.jpg 1778w, https:\/\/landesrat.hu\/wp-content\/uploads\/2022\/08\/LJAO22-05-1280x576.jpg 1280w, https:\/\/landesrat.hu\/wp-content\/uploads\/2022\/08\/LJAO22-05-980x441.jpg 980w, https:\/\/landesrat.hu\/wp-content\/uploads\/2022\/08\/LJAO22-05-480x216.jpg 480w\" sizes=\"(min-width: 0px) and (max-width: 480px) 480px, (min-width: 481px) and (max-width: 980px) 980px, (min-width: 981px) and (max-width: 1280px) 1280px, (min-width: 1281px) 1778px, 100vw\" \/><\/a><\/figure>\n\n\n\n<figure class=\"wp-block-image size-large\"><a href=\"https:\/\/landesrat.hu\/wp-content\/uploads\/2022\/08\/LJAO22-03.jpg\"><img loading=\"lazy\" decoding=\"async\" width=\"1422\" height=\"800\" data-id=\"8775\" src=\"https:\/\/landesrat.hu\/wp-content\/uploads\/2022\/08\/LJAO22-03.jpg\" alt=\"\" class=\"wp-image-8775\" srcset=\"https:\/\/landesrat.hu\/wp-content\/uploads\/2022\/08\/LJAO22-03.jpg 1422w, https:\/\/landesrat.hu\/wp-content\/uploads\/2022\/08\/LJAO22-03-1280x720.jpg 1280w, https:\/\/landesrat.hu\/wp-content\/uploads\/2022\/08\/LJAO22-03-980x551.jpg 980w, https:\/\/landesrat.hu\/wp-content\/uploads\/2022\/08\/LJAO22-03-480x270.jpg 480w\" sizes=\"(min-width: 0px) and (max-width: 480px) 480px, (min-width: 481px) and (max-width: 980px) 980px, (min-width: 981px) and (max-width: 1280px) 1280px, (min-width: 1281px) 1422px, 100vw\" \/><\/a><\/figure>\n\n\n\n<figure class=\"wp-block-image size-large\"><a href=\"https:\/\/landesrat.hu\/wp-content\/uploads\/2022\/08\/LJAO22-02.jpg\"><img loading=\"lazy\" decoding=\"async\" width=\"571\" height=\"800\" data-id=\"8771\" src=\"https:\/\/landesrat.hu\/wp-content\/uploads\/2022\/08\/LJAO22-02.jpg\" alt=\"\" class=\"wp-image-8771\" srcset=\"https:\/\/landesrat.hu\/wp-content\/uploads\/2022\/08\/LJAO22-02.jpg 571w, https:\/\/landesrat.hu\/wp-content\/uploads\/2022\/08\/LJAO22-02-480x673.jpg 480w\" sizes=\"(min-width: 0px) and (max-width: 480px) 480px, (min-width: 481px) 571px, 100vw\" \/><\/a><\/figure>\n\n\n\n<figure class=\"wp-block-image size-large\"><a href=\"https:\/\/landesrat.hu\/wp-content\/uploads\/2022\/08\/LJAO22-04.jpg\"><img loading=\"lazy\" decoding=\"async\" width=\"1422\" height=\"800\" data-id=\"8781\" src=\"https:\/\/landesrat.hu\/wp-content\/uploads\/2022\/08\/LJAO22-04.jpg\" alt=\"\" class=\"wp-image-8781\" srcset=\"https:\/\/landesrat.hu\/wp-content\/uploads\/2022\/08\/LJAO22-04.jpg 1422w, https:\/\/landesrat.hu\/wp-content\/uploads\/2022\/08\/LJAO22-04-1280x720.jpg 1280w, https:\/\/landesrat.hu\/wp-content\/uploads\/2022\/08\/LJAO22-04-980x551.jpg 980w, https:\/\/landesrat.hu\/wp-content\/uploads\/2022\/08\/LJAO22-04-480x270.jpg 480w\" sizes=\"(min-width: 0px) and (max-width: 480px) 480px, (min-width: 481px) and (max-width: 980px) 980px, (min-width: 981px) and (max-width: 1280px) 1280px, (min-width: 1281px) 1422px, 100vw\" \/><\/a><\/figure>\n\n\n\n<figure class=\"wp-block-image size-large\"><a href=\"https:\/\/landesrat.hu\/wp-content\/uploads\/2022\/08\/LJAO22-01.jpg\"><img loading=\"lazy\" decoding=\"async\" width=\"1422\" height=\"800\" data-id=\"8773\" src=\"https:\/\/landesrat.hu\/wp-content\/uploads\/2022\/08\/LJAO22-01.jpg\" alt=\"\" class=\"wp-image-8773\" srcset=\"https:\/\/landesrat.hu\/wp-content\/uploads\/2022\/08\/LJAO22-01.jpg 1422w, https:\/\/landesrat.hu\/wp-content\/uploads\/2022\/08\/LJAO22-01-1280x720.jpg 1280w, https:\/\/landesrat.hu\/wp-content\/uploads\/2022\/08\/LJAO22-01-980x551.jpg 980w, https:\/\/landesrat.hu\/wp-content\/uploads\/2022\/08\/LJAO22-01-480x270.jpg 480w\" sizes=\"(min-width: 0px) and (max-width: 480px) 480px, (min-width: 481px) and (max-width: 980px) 980px, (min-width: 981px) and (max-width: 1280px) 1280px, (min-width: 1281px) 1422px, 100vw\" \/><\/a><\/figure>\n<\/figure>\n","protected":false},"excerpt":{"rendered":"<p>A zenekari szekci\u00f3 JAO Musikwoche t\u00e1bor\u00e1ban fiatal f\u00fav\u00f3szen\u00e9szek n\u00e9pes\u00edtett\u00e9k be a v\u00e1rosl\u0151di Iglauer Parkot augusztus 8. \u00e9s 13. k\u00f6z\u00f6tt. A szekci\u00f3 fontosnak tartja a tehets\u00e9ges fiatal gener\u00e1ci\u00f3 szakmai tov\u00e1bbk\u00e9pz\u00e9s\u00e9t, ez\u00e9rt [&hellip;]<\/p>\n","protected":false},"author":7,"featured_media":5126,"comment_status":"closed","ping_status":"closed","sticky":false,"template":"","format":"standard","meta":{"_et_pb_use_builder":"","_et_pb_old_content":"","_et_gb_content_width":"","inline_featured_image":false,"footnotes":""},"categories":[61,54],"tags":[],"_links":{"self":[{"href":"https:\/\/landesrat.hu\/de\/wp-json\/wp\/v2\/posts\/8800"}],"collection":[{"href":"https:\/\/landesrat.hu\/de\/wp-json\/wp\/v2\/posts"}],"about":[{"href":"https:\/\/landesrat.hu\/de\/wp-json\/wp\/v2\/types\/post"}],"author":[{"embeddable":true,"href":"https:\/\/landesrat.hu\/de\/wp-json\/wp\/v2\/users\/7"}],"replies":[{"embeddable":true,"href":"https:\/\/landesrat.hu\/de\/wp-json\/wp\/v2\/comments?post=8800"}],"version-history":[{"count":3,"href":"https:\/\/landesrat.hu\/de\/wp-json\/wp\/v2\/posts\/8800\/revisions"}],"predecessor-version":[{"id":8804,"href":"https:\/\/landesrat.hu\/de\/wp-json\/wp\/v2\/posts\/8800\/revisions\/8804"}],"wp:featuredmedia":[{"embeddable":true,"href":"https:\/\/landesrat.hu\/de\/wp-json\/wp\/v2\/media\/5126"}],"wp:attachment":[{"href":"https:\/\/landesrat.hu\/de\/wp-json\/wp\/v2\/media?parent=8800"}],"wp:term":[{"taxonomy":"category","embeddable":true,"href":"https:\/\/landesrat.hu\/de\/wp-json\/wp\/v2\/categories?post=8800"},{"taxonomy":"post_tag","embeddable":true,"href":"https:\/\/landesrat.hu\/de\/wp-json\/wp\/v2\/tags?post=8800"}],"curies":[{"name":"wp","href":"https:\/\/api.w.org\/{rel}","templated":true}]}}