{"id":6317,"date":"2021-02-25T13:34:24","date_gmt":"2021-02-25T12:34:24","guid":{"rendered":"https:\/\/landesrat.hu\/fortbildung-der-kapellenleiter-mit-dem-oesterreichischem-gastvortragenden-helmut-zsaitsits\/"},"modified":"2021-08-31T11:51:27","modified_gmt":"2021-08-31T09:51:27","slug":"fortbildung-der-kapellenleiter-mit-dem-oesterreichischem-gastvortragenden-helmut-zsaitsits","status":"publish","type":"post","link":"https:\/\/landesrat.hu\/de\/fortbildung-der-kapellenleiter-mit-dem-oesterreichischem-gastvortragenden-helmut-zsaitsits\/","title":{"rendered":"Fortbildung der Kapellenleiter mit dem \u00f6sterreichischem Gastvortragenden Helmut Zsaitsits"},"content":{"rendered":"\n<div class=\"wp-block-columns is-layout-flex wp-container-core-columns-layout-1 wp-block-columns-is-layout-flex\">\n<div class=\"wp-block-column is-layout-flow wp-block-column-is-layout-flow\">\n<div class=\"wp-block-buttons is-content-justification-right is-layout-flex wp-block-buttons-is-layout-flex\">\n<div class=\"wp-block-button galeria-gomb\"><a class=\"wp-block-button__link\" href=\"#galeria\">Galeria<\/a><\/div>\n<\/div>\n<\/div>\n<\/div>\n\n<p>Praktische Erfahrungen auf theoretischer Ebene. Dieser Gedanke charakterisierte die eint\u00e4gige Fortbildung der Musikkapellen, die im Oktober 2020 in Vecs\u00e9s\/Wetschesch f\u00fcr Kapellenleiter und Dirigenten veranstaltet wurde.<\/p>\n\n<p>Da es keine Auftritte gab, bot das vergangene Jahr eine ideale M\u00f6glichkeit f\u00fcr die Selbstentwicklung, f\u00fcr die Wissensentfaltung, damit man &#8211; sobald es wieder m\u00f6glich ist &#8211; sein bestes musikalisches K\u00f6nnen auf der B\u00fchne zeigen kann.&#13;\n<\/p>\n\n<p><p>Die Sektion betrachtet es als eine hervorgehobene Aufgabe, dass <strong>die erfahrenen Musiker und Dirigenten mit umfangreichen Fachkenntnissen den oft Amateurmusikern des Landesrates handfestes und praktisches Wissen vermitteln <\/strong>und sie zur Entwicklung und qualitativen Arbeit motivieren.<\/p><\/p>\n\n<p><p>Aus dieser \u00dcberlegung lud die Sektion den \u00f6sterreichischen Komponisten und Trompetenk\u00fcnstler <strong>Helmut Zsaitsits<\/strong>, den Leiter der Blaskapelle Tidirium, ein, der auf den Dreipfeiler <strong>Gef\u00fchl &#8211; Pr\u00e4zision<\/strong><strong> &#8211; D<\/strong><strong>ynamik<\/strong> geschn\u00fcrte praktische Anweisungen f\u00fcr die <strong>Interpretation der k. u. k. Marschmusik<\/strong> den Blasmusikern gab.<\/p><\/p>\n\n<p><p>Danach teilte <strong>Dirigent Imre Szab\u00f3<\/strong> seine Gedanken \u00fcber die Ausbildung der Milit\u00e4rmusik sowie deren Auswirkung auf die Volks- und Blasmusik mit. Anschlie\u00dfend hielt <strong>S<\/strong><strong>\u00e1ndor Kasz\u00e1s, der Vorsitzender der Musiksektion,<\/strong> einen Vortrag \u00fcber das <strong>Geheimnis der effizienten Zusammenarbeit zwischen Blaskapellen, Ch\u00f6ren und Tanzgruppen<\/strong>. Als einen separaten Bereich behandelte er die Bearbeitung und Begleitung der kirchlichen Volkslieder.<\/p><\/p>\n\n<p>Die Sektion hofft, dass das bei der Fortbildung Geh\u00f6rte sich als n\u00fctzlich erweist und es nicht nur Theorie bleibt, sondern die Musiker dieses auch in ihrem Alltag verwenden werden. <\/p>\n\n<h2 class=\"wp-block-heading\" id=\"galeria\">Galerie<\/h2>\n\n<figure class=\"wp-block-gallery columns-3 is-cropped wp-block-gallery-1 is-layout-flex wp-block-gallery-is-layout-flex\"><ul class=\"blocks-gallery-grid\"><li class=\"blocks-gallery-item\"><figure><a href=\"https:\/\/landesrat.hu\/wp-content\/uploads\/2021\/02\/1-Zenekari-szekcio-szakmai-napjanak-resztvevoi.jpg\"><img loading=\"lazy\" decoding=\"async\" width=\"1024\" height=\"576\" src=\"https:\/\/landesrat.hu\/wp-content\/uploads\/2021\/02\/1-Zenekari-szekcio-szakmai-napjanak-resztvevoi-1024x576.jpg\" alt=\"\" data-id=\"2025\" data-full-url=\"https:\/\/landesrat.hu\/wp-content\/uploads\/2021\/02\/1-Zenekari-szekcio-szakmai-napjanak-resztvevoi.jpg\" data-link=\"https:\/\/landesrat.hu\/2021\/02\/25\/zenekarvezetok-kepzese-helmut-zsaitsits-osztrak-vendegeloadoval\/1-zenekari-szekcio-szakmai-napjanak-resztvevoi\/\" class=\"wp-image-2025\" srcset=\"https:\/\/landesrat.hu\/wp-content\/uploads\/2021\/02\/1-Zenekari-szekcio-szakmai-napjanak-resztvevoi-1024x576.jpg 1024w, https:\/\/landesrat.hu\/wp-content\/uploads\/2021\/02\/1-Zenekari-szekcio-szakmai-napjanak-resztvevoi-980x551.jpg 980w, https:\/\/landesrat.hu\/wp-content\/uploads\/2021\/02\/1-Zenekari-szekcio-szakmai-napjanak-resztvevoi-480x270.jpg 480w\" sizes=\"(min-width: 0px) and (max-width: 480px) 480px, (min-width: 481px) and (max-width: 980px) 980px, (min-width: 981px) 1024px, 100vw\" \/><\/a><figcaption class=\"blocks-gallery-item__caption\">Teilnehmer des Fachtags<\/figcaption><\/figure><\/li><li class=\"blocks-gallery-item\"><figure><a href=\"https:\/\/landesrat.hu\/wp-content\/uploads\/2021\/02\/2-hibrid-kepzes.jpg\"><img loading=\"lazy\" decoding=\"async\" width=\"1024\" height=\"576\" src=\"https:\/\/landesrat.hu\/wp-content\/uploads\/2021\/02\/2-hibrid-kepzes-1024x576.jpg\" alt=\"\" data-id=\"2026\" data-full-url=\"https:\/\/landesrat.hu\/wp-content\/uploads\/2021\/02\/2-hibrid-kepzes.jpg\" data-link=\"https:\/\/landesrat.hu\/2021\/02\/25\/zenekarvezetok-kepzese-helmut-zsaitsits-osztrak-vendegeloadoval\/2-hibrid-kepzes\/\" class=\"wp-image-2026\" srcset=\"https:\/\/landesrat.hu\/wp-content\/uploads\/2021\/02\/2-hibrid-kepzes-1024x576.jpg 1024w, https:\/\/landesrat.hu\/wp-content\/uploads\/2021\/02\/2-hibrid-kepzes-980x551.jpg 980w, https:\/\/landesrat.hu\/wp-content\/uploads\/2021\/02\/2-hibrid-kepzes-480x270.jpg 480w\" sizes=\"(min-width: 0px) and (max-width: 480px) 480px, (min-width: 481px) and (max-width: 980px) 980px, (min-width: 981px) 1024px, 100vw\" \/><\/a><figcaption class=\"blocks-gallery-item__caption\">Hybride Fortbildung unter Einhaltung der Gesundheitsvorschriften<\/figcaption><\/figure><\/li><li class=\"blocks-gallery-item\"><figure><a href=\"https:\/\/landesrat.hu\/wp-content\/uploads\/2021\/02\/3-Helmut-Zsaitsits-osztrak-zeneszerzo-trombitamuvesz.jpg\"><img loading=\"lazy\" decoding=\"async\" width=\"1024\" height=\"1024\" src=\"https:\/\/landesrat.hu\/wp-content\/uploads\/2021\/02\/3-Helmut-Zsaitsits-osztrak-zeneszerzo-trombitamuvesz-1024x1024.jpg\" alt=\"\" data-id=\"2027\" data-full-url=\"https:\/\/landesrat.hu\/wp-content\/uploads\/2021\/02\/3-Helmut-Zsaitsits-osztrak-zeneszerzo-trombitamuvesz.jpg\" data-link=\"https:\/\/landesrat.hu\/2021\/02\/25\/zenekarvezetok-kepzese-helmut-zsaitsits-osztrak-vendegeloadoval\/3-helmut-zsaitsits-osztrak-zeneszerzo-trombitamuvesz\/\" class=\"wp-image-2027\" srcset=\"https:\/\/landesrat.hu\/wp-content\/uploads\/2021\/02\/3-Helmut-Zsaitsits-osztrak-zeneszerzo-trombitamuvesz-1024x1024.jpg 1024w, https:\/\/landesrat.hu\/wp-content\/uploads\/2021\/02\/3-Helmut-Zsaitsits-osztrak-zeneszerzo-trombitamuvesz-980x980.jpg 980w, https:\/\/landesrat.hu\/wp-content\/uploads\/2021\/02\/3-Helmut-Zsaitsits-osztrak-zeneszerzo-trombitamuvesz-480x480.jpg 480w\" sizes=\"(min-width: 0px) and (max-width: 480px) 480px, (min-width: 481px) and (max-width: 980px) 980px, (min-width: 981px) 1024px, 100vw\" \/><\/a><figcaption class=\"blocks-gallery-item__caption\"><p>Helmut Zsaitsits, \u00f6sterreichischer Komponist und Trompetenk\u00fcnstler<\/p><\/figcaption><\/figure><\/li><li class=\"blocks-gallery-item\"><figure><a href=\"https:\/\/landesrat.hu\/wp-content\/uploads\/2021\/02\/4-Helmut-Zsaitsits-osztrak-zeneszerzo-trombitamuvesz.jpg\"><img loading=\"lazy\" decoding=\"async\" width=\"740\" height=\"1024\" src=\"https:\/\/landesrat.hu\/wp-content\/uploads\/2021\/02\/4-Helmut-Zsaitsits-osztrak-zeneszerzo-trombitamuvesz-740x1024.jpg\" alt=\"\" data-id=\"2028\" data-full-url=\"https:\/\/landesrat.hu\/wp-content\/uploads\/2021\/02\/4-Helmut-Zsaitsits-osztrak-zeneszerzo-trombitamuvesz.jpg\" data-link=\"https:\/\/landesrat.hu\/2021\/02\/25\/zenekarvezetok-kepzese-helmut-zsaitsits-osztrak-vendegeloadoval\/4-helmut-zsaitsits-osztrak-zeneszerzo-trombitamuvesz\/\" class=\"wp-image-2028\" srcset=\"https:\/\/landesrat.hu\/wp-content\/uploads\/2021\/02\/4-Helmut-Zsaitsits-osztrak-zeneszerzo-trombitamuvesz-740x1024.jpg 740w, https:\/\/landesrat.hu\/wp-content\/uploads\/2021\/02\/4-Helmut-Zsaitsits-osztrak-zeneszerzo-trombitamuvesz-480x664.jpg 480w\" sizes=\"(min-width: 0px) and (max-width: 480px) 480px, (min-width: 481px) 740px, 100vw\" \/><\/a><figcaption class=\"blocks-gallery-item__caption\">Helmut Zsaitsits, \u00f6sterreichischer Komponist und Trompetenk\u00fcnstler<\/figcaption><\/figure><\/li><li class=\"blocks-gallery-item\"><figure><a href=\"https:\/\/landesrat.hu\/wp-content\/uploads\/2021\/02\/5-balrol-Szabo-Imre-karmester-es-Kreisz-Laszlo-a-Landesrat-elnoke.jpg\"><img loading=\"lazy\" decoding=\"async\" width=\"1024\" height=\"576\" src=\"https:\/\/landesrat.hu\/wp-content\/uploads\/2021\/02\/5-balrol-Szabo-Imre-karmester-es-Kreisz-Laszlo-a-Landesrat-elnoke-1024x576.jpg\" alt=\"\" data-id=\"2029\" data-full-url=\"https:\/\/landesrat.hu\/wp-content\/uploads\/2021\/02\/5-balrol-Szabo-Imre-karmester-es-Kreisz-Laszlo-a-Landesrat-elnoke.jpg\" data-link=\"https:\/\/landesrat.hu\/2021\/02\/25\/zenekarvezetok-kepzese-helmut-zsaitsits-osztrak-vendegeloadoval\/5-balrol-szabo-imre-karmester-es-kreisz-laszlo-a-landesrat-elnoke\/\" class=\"wp-image-2029\" srcset=\"https:\/\/landesrat.hu\/wp-content\/uploads\/2021\/02\/5-balrol-Szabo-Imre-karmester-es-Kreisz-Laszlo-a-Landesrat-elnoke-1024x576.jpg 1024w, https:\/\/landesrat.hu\/wp-content\/uploads\/2021\/02\/5-balrol-Szabo-Imre-karmester-es-Kreisz-Laszlo-a-Landesrat-elnoke-980x551.jpg 980w, https:\/\/landesrat.hu\/wp-content\/uploads\/2021\/02\/5-balrol-Szabo-Imre-karmester-es-Kreisz-Laszlo-a-Landesrat-elnoke-480x270.jpg 480w\" sizes=\"(min-width: 0px) and (max-width: 480px) 480px, (min-width: 481px) and (max-width: 980px) 980px, (min-width: 981px) 1024px, 100vw\" \/><\/a><figcaption class=\"blocks-gallery-item__caption\">von links: Imre Szab\u00f3 Dirigent und L\u00e1szl\u00f3 Kreisz, Vorsitzender des Landesrates<\/figcaption><\/figure><\/li><li class=\"blocks-gallery-item\"><figure><a href=\"https:\/\/landesrat.hu\/wp-content\/uploads\/2021\/02\/6-Szabo-Imre-karmester.jpg\"><img loading=\"lazy\" decoding=\"async\" width=\"1024\" height=\"1024\" src=\"https:\/\/landesrat.hu\/wp-content\/uploads\/2021\/02\/6-Szabo-Imre-karmester-1024x1024.jpg\" alt=\"\" data-id=\"2030\" data-full-url=\"https:\/\/landesrat.hu\/wp-content\/uploads\/2021\/02\/6-Szabo-Imre-karmester.jpg\" data-link=\"https:\/\/landesrat.hu\/2021\/02\/25\/zenekarvezetok-kepzese-helmut-zsaitsits-osztrak-vendegeloadoval\/6-szabo-imre-karmester\/\" class=\"wp-image-2030\" srcset=\"https:\/\/landesrat.hu\/wp-content\/uploads\/2021\/02\/6-Szabo-Imre-karmester-1024x1024.jpg 1024w, https:\/\/landesrat.hu\/wp-content\/uploads\/2021\/02\/6-Szabo-Imre-karmester-980x980.jpg 980w, https:\/\/landesrat.hu\/wp-content\/uploads\/2021\/02\/6-Szabo-Imre-karmester-480x480.jpg 480w\" sizes=\"(min-width: 0px) and (max-width: 480px) 480px, (min-width: 481px) and (max-width: 980px) 980px, (min-width: 981px) 1024px, 100vw\" \/><\/a><figcaption class=\"blocks-gallery-item__caption\">Imre Szab\u00f3 Dirigent <\/figcaption><\/figure><\/li><li class=\"blocks-gallery-item\"><figure><a href=\"https:\/\/landesrat.hu\/wp-content\/uploads\/2021\/02\/7-Kaszas-Sandor-a-zenekari-szekcio-elnoke.jpg\"><img loading=\"lazy\" decoding=\"async\" width=\"1024\" height=\"1024\" src=\"https:\/\/landesrat.hu\/wp-content\/uploads\/2021\/02\/7-Kaszas-Sandor-a-zenekari-szekcio-elnoke-1024x1024.jpg\" alt=\"\" data-id=\"2031\" data-full-url=\"https:\/\/landesrat.hu\/wp-content\/uploads\/2021\/02\/7-Kaszas-Sandor-a-zenekari-szekcio-elnoke.jpg\" data-link=\"https:\/\/landesrat.hu\/2021\/02\/25\/zenekarvezetok-kepzese-helmut-zsaitsits-osztrak-vendegeloadoval\/7-kaszas-sandor-a-zenekari-szekcio-elnoke\/\" class=\"wp-image-2031\" srcset=\"https:\/\/landesrat.hu\/wp-content\/uploads\/2021\/02\/7-Kaszas-Sandor-a-zenekari-szekcio-elnoke-1024x1024.jpg 1024w, https:\/\/landesrat.hu\/wp-content\/uploads\/2021\/02\/7-Kaszas-Sandor-a-zenekari-szekcio-elnoke-980x980.jpg 980w, https:\/\/landesrat.hu\/wp-content\/uploads\/2021\/02\/7-Kaszas-Sandor-a-zenekari-szekcio-elnoke-480x480.jpg 480w\" sizes=\"(min-width: 0px) and (max-width: 480px) 480px, (min-width: 481px) and (max-width: 980px) 980px, (min-width: 981px) 1024px, 100vw\" \/><\/a><figcaption class=\"blocks-gallery-item__caption\">S\u00e1ndor Kasz\u00e1s, Vorsitzender der Kapellensektion<\/figcaption><\/figure><\/li><li class=\"blocks-gallery-item\"><figure><a href=\"https:\/\/landesrat.hu\/wp-content\/uploads\/2021\/02\/8-Kaszas-Sandor-a-zenekari-szekcio-elnoke.jpg\"><img loading=\"lazy\" decoding=\"async\" width=\"1024\" height=\"1024\" src=\"https:\/\/landesrat.hu\/wp-content\/uploads\/2021\/02\/8-Kaszas-Sandor-a-zenekari-szekcio-elnoke-1024x1024.jpg\" alt=\"\" data-id=\"2032\" data-full-url=\"https:\/\/landesrat.hu\/wp-content\/uploads\/2021\/02\/8-Kaszas-Sandor-a-zenekari-szekcio-elnoke.jpg\" data-link=\"https:\/\/landesrat.hu\/2021\/02\/25\/zenekarvezetok-kepzese-helmut-zsaitsits-osztrak-vendegeloadoval\/8-kaszas-sandor-a-zenekari-szekcio-elnoke\/\" class=\"wp-image-2032\" srcset=\"https:\/\/landesrat.hu\/wp-content\/uploads\/2021\/02\/8-Kaszas-Sandor-a-zenekari-szekcio-elnoke-1024x1024.jpg 1024w, https:\/\/landesrat.hu\/wp-content\/uploads\/2021\/02\/8-Kaszas-Sandor-a-zenekari-szekcio-elnoke-980x980.jpg 980w, https:\/\/landesrat.hu\/wp-content\/uploads\/2021\/02\/8-Kaszas-Sandor-a-zenekari-szekcio-elnoke-480x480.jpg 480w\" sizes=\"(min-width: 0px) and (max-width: 480px) 480px, (min-width: 481px) and (max-width: 980px) 980px, (min-width: 981px) 1024px, 100vw\" \/><\/a><figcaption class=\"blocks-gallery-item__caption\">S\u00e1ndor Kasz\u00e1s, Vorsitzender der Kapellensektion<\/figcaption><\/figure><\/li><li class=\"blocks-gallery-item\"><figure><a href=\"https:\/\/landesrat.hu\/wp-content\/uploads\/2021\/02\/9-balrol-Kreisz-Laszlo-a-Landesrat-elnoke-es-Helmut-Zsaitsits-osztrak-trombitamuvesz.jpg\"><img loading=\"lazy\" decoding=\"async\" width=\"768\" height=\"1024\" src=\"https:\/\/landesrat.hu\/wp-content\/uploads\/2021\/02\/9-balrol-Kreisz-Laszlo-a-Landesrat-elnoke-es-Helmut-Zsaitsits-osztrak-trombitamuvesz-768x1024.jpg\" alt=\"\" data-id=\"2033\" data-full-url=\"https:\/\/landesrat.hu\/wp-content\/uploads\/2021\/02\/9-balrol-Kreisz-Laszlo-a-Landesrat-elnoke-es-Helmut-Zsaitsits-osztrak-trombitamuvesz.jpg\" data-link=\"https:\/\/landesrat.hu\/2021\/02\/25\/zenekarvezetok-kepzese-helmut-zsaitsits-osztrak-vendegeloadoval\/9-balrol-kreisz-laszlo-a-landesrat-elnoke-es-helmut-zsaitsits-osztrak-trombitamuvesz\/\" class=\"wp-image-2033\" srcset=\"https:\/\/landesrat.hu\/wp-content\/uploads\/2021\/02\/9-balrol-Kreisz-Laszlo-a-Landesrat-elnoke-es-Helmut-Zsaitsits-osztrak-trombitamuvesz-768x1024.jpg 768w, https:\/\/landesrat.hu\/wp-content\/uploads\/2021\/02\/9-balrol-Kreisz-Laszlo-a-Landesrat-elnoke-es-Helmut-Zsaitsits-osztrak-trombitamuvesz-480x640.jpg 480w\" sizes=\"(min-width: 0px) and (max-width: 480px) 480px, (min-width: 481px) 768px, 100vw\" \/><\/a><figcaption class=\"blocks-gallery-item__caption\">(von links)  L\u00e1szl\u00f3 Kreisz, Vorsitzender des Landesrates und Helmut Zsaitsits, \u00f6sterreichischer Trompetenk\u00fcnstler<\/figcaption><\/figure><\/li><\/ul><\/figure>\n","protected":false},"excerpt":{"rendered":"<p>Praktische Erfahrungen auf theoretischer Ebene. Dieser Gedanke charakterisierte die eint\u00e4gige Fortbildung der Musikkapellen, die im Oktober 2020 in Vecs\u00e9s\/Wetschesch f\u00fcr Kapellenleiter und Dirigenten veranstaltet wurde.<br \/>\nDa es keine Auftritte gab, bot das vergangene Jahr eine ideale M\u00f6glichkeit f\u00fcr die Selbstentwicklung, f\u00fcr die Wissensentfaltung, damit man &#8211; sobald es wieder m\u00f6glich ist &#8211; sein bestes musikalisches K\u00f6nnen auf der B\u00fchne zeigen kann.<\/p>\n","protected":false},"author":1,"featured_media":5126,"comment_status":"closed","ping_status":"closed","sticky":false,"template":"","format":"standard","meta":{"_et_pb_use_builder":"off","_et_pb_old_content":"","_et_gb_content_width":"","inline_featured_image":false,"footnotes":""},"categories":[108],"tags":[],"_links":{"self":[{"href":"https:\/\/landesrat.hu\/de\/wp-json\/wp\/v2\/posts\/6317"}],"collection":[{"href":"https:\/\/landesrat.hu\/de\/wp-json\/wp\/v2\/posts"}],"about":[{"href":"https:\/\/landesrat.hu\/de\/wp-json\/wp\/v2\/types\/post"}],"author":[{"embeddable":true,"href":"https:\/\/landesrat.hu\/de\/wp-json\/wp\/v2\/users\/1"}],"replies":[{"embeddable":true,"href":"https:\/\/landesrat.hu\/de\/wp-json\/wp\/v2\/comments?post=6317"}],"version-history":[{"count":3,"href":"https:\/\/landesrat.hu\/de\/wp-json\/wp\/v2\/posts\/6317\/revisions"}],"predecessor-version":[{"id":6366,"href":"https:\/\/landesrat.hu\/de\/wp-json\/wp\/v2\/posts\/6317\/revisions\/6366"}],"wp:featuredmedia":[{"embeddable":true,"href":"https:\/\/landesrat.hu\/de\/wp-json\/wp\/v2\/media\/5126"}],"wp:attachment":[{"href":"https:\/\/landesrat.hu\/de\/wp-json\/wp\/v2\/media?parent=6317"}],"wp:term":[{"taxonomy":"category","embeddable":true,"href":"https:\/\/landesrat.hu\/de\/wp-json\/wp\/v2\/categories?post=6317"},{"taxonomy":"post_tag","embeddable":true,"href":"https:\/\/landesrat.hu\/de\/wp-json\/wp\/v2\/tags?post=6317"}],"curies":[{"name":"wp","href":"https:\/\/api.w.org\/{rel}","templated":true}]}}