{"id":6315,"date":"2021-02-25T13:33:17","date_gmt":"2021-02-25T12:33:17","guid":{"rendered":"https:\/\/landesrat.hu\/fortbildung-fuer-tanzlehrer-in-maan\/"},"modified":"2021-08-31T11:57:02","modified_gmt":"2021-08-31T09:57:02","slug":"fortbildung-fuer-tanzlehrer-in-maan","status":"publish","type":"post","link":"https:\/\/landesrat.hu\/de\/fortbildung-fuer-tanzlehrer-in-maan\/","title":{"rendered":"Fortbildung f\u00fcr Tanzlehrer in Maan"},"content":{"rendered":"\n<div class=\"wp-block-columns is-layout-flex wp-container-core-columns-layout-1 wp-block-columns-is-layout-flex\">\n<div class=\"wp-block-column is-layout-flow wp-block-column-is-layout-flow\">\n<div class=\"wp-block-buttons is-content-justification-right is-layout-flex wp-block-buttons-is-layout-flex\">\n<div class=\"wp-block-button galeria-gomb\"><a class=\"wp-block-button__link\" href=\"#galeria\">Galeria<\/a><\/div>\n<\/div>\n<\/div>\n<\/div>\n\n<p>Die Tanzsektion hielt ihre Fortbildung f\u00fcr Tanzlehrer am 18. Oktober in M\u00e1ny\/Maan ab.<\/p>\n\n<p><p>Der Landesrat unterst\u00fctzt die Pflege der ungarndeutschen Tanzkultur vom Kindes- bis zum hohen Alter. <strong>Das Volkstanzen gibt durch das Kennenlernen der Traditionen und das Erleben der Identit\u00e4t Haltung, es ist eine wertvolle Freizeitgestaltung<\/strong> und bietet zugleich freudenreiche Erlebnisse in der Gemeinschaft.<\/p><\/p>\n\n<p><p>Ein wichtiger Grundsatz des Landesrates bei seiner T\u00e4tigkeit ist, dass die fachlichen Leiter die Werte der Nationalit\u00e4t &#8211; einschlie\u00dflich der Tanzchoreografien &#8211; <strong>zukunftsweisend, ein wenig neudeutend, aber auf authentischen Quellen und wahrhaftem Wissen basierend der nachfolgenden Generationen weitergeben.<\/strong> Die Tanzsektion unterst\u00fctzt den verantwortungsbewu\u00dften niveauvollen Tanzunterricht mit allen Mitteln.<\/p><\/p>\n\n<p><p>Gegenw\u00e4rtig gibt es in Ungarn in den Bildungseinrichtungen keine offizielle Ausbildungsm\u00f6glichkeit zum Tanzlehrer f\u00fcr ungarndeutschen Volkstanz. Die T\u00e4nzer erlernen die Choreografien von erfahrenen und namhaften \u00e4lteren Tanzlehrern. Um diese L\u00fccke zu f\u00fcllen, initiierte der Landesrat einen <strong>Fachtag f\u00fcr T<\/strong><strong>\u00e4nzer<\/strong>, der <strong>am 18. Oktober 2020 in Maan<\/strong> stattfand. Die Fortbildung wurde den gesundheitlichen Vorschriften gem\u00e4\u00df verwirklicht.<\/p><\/p>\n\n<p><p>Unter den Vortragenden konnten wir <strong>Simon Kishegyi junior <\/strong>begr\u00fc\u00dfen. Der <strong>Choreograf und k\u00fcnstlerische Leiter<\/strong> hielt unter dem Titel \u201eSchw\u00e4bische Traditionen auf der B\u00fchne\u201d einen Vortrag. F\u00fcr ihn ist das Beleben der deutschen Sprache, Geschichte oder eines Traditionselements auf der B\u00fchne ebenso wichtig, wie das Erscheinen der Tracht, des Gesangs oder des Tanzes. Er bem\u00fchte sich diese Ansicht auch den Anwesenden zu vermitteln, damit sie diese Denkweise ihr eigen machen.<\/p><\/p>\n\n<p><p>Anschlie\u00dfend teilte <strong>S<\/strong><strong>\u00e1ndor Kasz\u00e1s<em>,<\/em> Vorsitzender der Musiksektion<\/strong>, seine Gedanken \u00fcber die Wichtigkeit der niveauvollen Kapellenbegleitung bei der k\u00fcnstlerischen Zusammenarbeit von Tanzgruppen und Musikkapellen mit den Anwesenden. Dies ist auch n\u00f6tig, weil die Sektion festlegte, dass bei den Qualifikationswettbewerben die Tanzgruppen ausschlie\u00dflich in Begleitung von Kapellen auftreten d\u00fcrfen.<\/p><\/p>\n\n<p><p>Das Qualifikationssystem sichert den Fortbestand der authentischen, originellen Choreografien, Lieder und Trachten. Es bewegt die Gruppen zu einer qualitativen fachlichen Arbeit, die im Rahmen des Landesfestivals bewertet und anerkannt wird.<br\/>\u00dcber die erfolgreiche Vorbereitung auf die Qualifikationen sprach <strong>G\u00e1bor Ag\u00e1rdi, Vorsitzender der Tanzsektion<\/strong>, und erl\u00e4uterte dabei die Bewertungskriterien, die Gewichtspunkte.<\/p><\/p>\n\n<p>Die Teilnehmer erhielten Munition und Motivation f\u00fcr den Neustart nach der Pandemie, damit sie sich mit ihren Gruppen m\u00f6glichst bald wieder enthusiastisch und bewusst f\u00fcr die n\u00e4chsten Qualifikationsveranstaltungen vorbereiten k\u00f6nnen.<\/p>\n\n<h2 class=\"wp-block-heading\" id=\"galeria\">Galerie<\/h2>\n\n<figure class=\"wp-block-gallery columns-2 is-cropped wp-block-gallery-1 is-layout-flex wp-block-gallery-is-layout-flex\"><ul class=\"blocks-gallery-grid\"><li class=\"blocks-gallery-item\"><figure><a href=\"https:\/\/landesrat.hu\/wp-content\/uploads\/2021\/02\/01-A-szakmai-nap-resztvevoi-1024x576.jpg\"><img loading=\"lazy\" decoding=\"async\" width=\"1024\" height=\"576\" src=\"https:\/\/landesrat.hu\/wp-content\/uploads\/2021\/02\/01-A-szakmai-nap-resztvevoi-1024x576.jpg\" alt=\"\" data-id=\"2036\" data-link=\"https:\/\/landesrat.hu\/?attachment_id=2036\" class=\"wp-image-2036\" srcset=\"https:\/\/landesrat.hu\/wp-content\/uploads\/2021\/02\/01-A-szakmai-nap-resztvevoi-1024x576.jpg 1024w, https:\/\/landesrat.hu\/wp-content\/uploads\/2021\/02\/01-A-szakmai-nap-resztvevoi-980x551.jpg 980w, https:\/\/landesrat.hu\/wp-content\/uploads\/2021\/02\/01-A-szakmai-nap-resztvevoi-480x270.jpg 480w\" sizes=\"(min-width: 0px) and (max-width: 480px) 480px, (min-width: 481px) and (max-width: 980px) 980px, (min-width: 981px) 1024px, 100vw\" \/><\/a><figcaption class=\"blocks-gallery-item__caption\">Teilnehmer des Fachtages der Tanzsektion<\/figcaption><\/figure><\/li><li class=\"blocks-gallery-item\"><figure><a href=\"https:\/\/landesrat.hu\/wp-content\/uploads\/2021\/02\/03-balrol-Agardi-Gabor-a-tanc-szekcio-elnoke-es-Kreisz-Laszlo-a-Landesrat-elnoke-1024x576.jpg\"><img loading=\"lazy\" decoding=\"async\" width=\"1024\" height=\"576\" src=\"https:\/\/landesrat.hu\/wp-content\/uploads\/2021\/02\/03-balrol-Agardi-Gabor-a-tanc-szekcio-elnoke-es-Kreisz-Laszlo-a-Landesrat-elnoke-1024x576.jpg\" alt=\"\" data-id=\"2038\" data-link=\"https:\/\/landesrat.hu\/?attachment_id=2038\" class=\"wp-image-2038\" srcset=\"https:\/\/landesrat.hu\/wp-content\/uploads\/2021\/02\/03-balrol-Agardi-Gabor-a-tanc-szekcio-elnoke-es-Kreisz-Laszlo-a-Landesrat-elnoke-1024x576.jpg 1024w, https:\/\/landesrat.hu\/wp-content\/uploads\/2021\/02\/03-balrol-Agardi-Gabor-a-tanc-szekcio-elnoke-es-Kreisz-Laszlo-a-Landesrat-elnoke-980x551.jpg 980w, https:\/\/landesrat.hu\/wp-content\/uploads\/2021\/02\/03-balrol-Agardi-Gabor-a-tanc-szekcio-elnoke-es-Kreisz-Laszlo-a-Landesrat-elnoke-480x270.jpg 480w\" sizes=\"(min-width: 0px) and (max-width: 480px) 480px, (min-width: 481px) and (max-width: 980px) 980px, (min-width: 981px) 1024px, 100vw\" \/><\/a><figcaption class=\"blocks-gallery-item__caption\">von links: G\u00e1bor Ag\u00e1rdi, Vorsitzender der Tanzsektion und L\u00e1szl\u00f3 Kreisz, Vorsitzender des Landesrates<\/figcaption><\/figure><\/li><li class=\"blocks-gallery-item\"><figure><a href=\"https:\/\/landesrat.hu\/wp-content\/uploads\/2021\/02\/02-a-szakmai-nap-resztvevoi-1024x576.jpg\"><img loading=\"lazy\" decoding=\"async\" width=\"1024\" height=\"576\" src=\"https:\/\/landesrat.hu\/wp-content\/uploads\/2021\/02\/02-a-szakmai-nap-resztvevoi-1024x576.jpg\" alt=\"\" data-id=\"2037\" data-link=\"https:\/\/landesrat.hu\/?attachment_id=2037\" class=\"wp-image-2037\" srcset=\"https:\/\/landesrat.hu\/wp-content\/uploads\/2021\/02\/02-a-szakmai-nap-resztvevoi-1024x576.jpg 1024w, https:\/\/landesrat.hu\/wp-content\/uploads\/2021\/02\/02-a-szakmai-nap-resztvevoi-980x551.jpg 980w, https:\/\/landesrat.hu\/wp-content\/uploads\/2021\/02\/02-a-szakmai-nap-resztvevoi-480x270.jpg 480w\" sizes=\"(min-width: 0px) and (max-width: 480px) 480px, (min-width: 481px) and (max-width: 980px) 980px, (min-width: 981px) 1024px, 100vw\" \/><\/a><figcaption class=\"blocks-gallery-item__caption\">Anwesenheitsfortbildung mit Abstandhalten sowie Mund- und Nasenschutz <\/figcaption><\/figure><\/li><li class=\"blocks-gallery-item\"><figure><a href=\"https:\/\/landesrat.hu\/wp-content\/uploads\/2021\/02\/04-ifj.-Kishegyi-Simon-koreografus-1024x576.jpg\"><img loading=\"lazy\" decoding=\"async\" width=\"1024\" height=\"576\" src=\"https:\/\/landesrat.hu\/wp-content\/uploads\/2021\/02\/04-ifj.-Kishegyi-Simon-koreografus-1024x576.jpg\" alt=\"\" data-id=\"2039\" data-link=\"https:\/\/landesrat.hu\/?attachment_id=2039\" class=\"wp-image-2039\" srcset=\"https:\/\/landesrat.hu\/wp-content\/uploads\/2021\/02\/04-ifj.-Kishegyi-Simon-koreografus-1024x576.jpg 1024w, https:\/\/landesrat.hu\/wp-content\/uploads\/2021\/02\/04-ifj.-Kishegyi-Simon-koreografus-980x551.jpg 980w, https:\/\/landesrat.hu\/wp-content\/uploads\/2021\/02\/04-ifj.-Kishegyi-Simon-koreografus-480x270.jpg 480w\" sizes=\"(min-width: 0px) and (max-width: 480px) 480px, (min-width: 481px) and (max-width: 980px) 980px, (min-width: 981px) 1024px, 100vw\" \/><\/a><figcaption class=\"blocks-gallery-item__caption\">Simon Kishegyi junior Choreograf und k\u00fcnstlerische Leiter<\/figcaption><\/figure><\/li><li class=\"blocks-gallery-item\"><figure><a href=\"https:\/\/landesrat.hu\/wp-content\/uploads\/2021\/02\/06-Kaszas-Sandor-a-zenkari-szekcio-elnoke-1024x576.jpg\"><img loading=\"lazy\" decoding=\"async\" width=\"1024\" height=\"576\" src=\"https:\/\/landesrat.hu\/wp-content\/uploads\/2021\/02\/06-Kaszas-Sandor-a-zenkari-szekcio-elnoke-1024x576.jpg\" alt=\"\" data-id=\"2041\" data-link=\"https:\/\/landesrat.hu\/?attachment_id=2041\" class=\"wp-image-2041\" srcset=\"https:\/\/landesrat.hu\/wp-content\/uploads\/2021\/02\/06-Kaszas-Sandor-a-zenkari-szekcio-elnoke-1024x576.jpg 1024w, https:\/\/landesrat.hu\/wp-content\/uploads\/2021\/02\/06-Kaszas-Sandor-a-zenkari-szekcio-elnoke-980x551.jpg 980w, https:\/\/landesrat.hu\/wp-content\/uploads\/2021\/02\/06-Kaszas-Sandor-a-zenkari-szekcio-elnoke-480x270.jpg 480w\" sizes=\"(min-width: 0px) and (max-width: 480px) 480px, (min-width: 481px) and (max-width: 980px) 980px, (min-width: 981px) 1024px, 100vw\" \/><\/a><figcaption class=\"blocks-gallery-item__caption\">S\u00e1ndor Kasz\u00e1s, Vorsitzender der Kapellensektion<\/figcaption><\/figure><\/li><li class=\"blocks-gallery-item\"><figure><a href=\"https:\/\/landesrat.hu\/wp-content\/uploads\/2021\/04\/Kaszas-Sandor-a-zenkari-szekcio-elnoke5-1024x576.jpg\"><img loading=\"lazy\" decoding=\"async\" width=\"1024\" height=\"576\" src=\"https:\/\/landesrat.hu\/wp-content\/uploads\/2021\/04\/Kaszas-Sandor-a-zenkari-szekcio-elnoke5-1024x576.jpg\" alt=\"\" data-id=\"2782\" data-link=\"https:\/\/landesrat.hu\/tanctanarok-tovabbkepzese-manyon\/kaszas-sandor-a-zenkari-szekcio-elnoke5\/\" class=\"wp-image-2782\" srcset=\"https:\/\/landesrat.hu\/wp-content\/uploads\/2021\/04\/Kaszas-Sandor-a-zenkari-szekcio-elnoke5-980x551.jpg 980w, https:\/\/landesrat.hu\/wp-content\/uploads\/2021\/04\/Kaszas-Sandor-a-zenkari-szekcio-elnoke5-480x270.jpg 480w\" sizes=\"(min-width: 0px) and (max-width: 480px) 480px, (min-width: 481px) and (max-width: 980px) 980px, (min-width: 981px) 1024px, 100vw\" \/><\/a><figcaption class=\"blocks-gallery-item__caption\">S\u00e1ndor Kasz\u00e1s, Vorsitzender der Kapellensektion<\/figcaption><\/figure><\/li><li class=\"blocks-gallery-item\"><figure><a href=\"https:\/\/landesrat.hu\/wp-content\/uploads\/2021\/04\/Kishegyi-Simon-koreografus-1024x1024.jpg\"><img loading=\"lazy\" decoding=\"async\" width=\"1024\" height=\"1024\" src=\"https:\/\/landesrat.hu\/wp-content\/uploads\/2021\/04\/Kishegyi-Simon-koreografus-1024x1024.jpg\" alt=\"\" data-id=\"2781\" data-link=\"https:\/\/landesrat.hu\/tanctanarok-tovabbkepzese-manyon\/kishegyi-simon-koreografus\/\" class=\"wp-image-2781\" srcset=\"https:\/\/landesrat.hu\/wp-content\/uploads\/2021\/04\/Kishegyi-Simon-koreografus-980x980.jpg 980w, https:\/\/landesrat.hu\/wp-content\/uploads\/2021\/04\/Kishegyi-Simon-koreografus-480x480.jpg 480w\" sizes=\"(min-width: 0px) and (max-width: 480px) 480px, (min-width: 481px) and (max-width: 980px) 980px, (min-width: 981px) 1024px, 100vw\" \/><\/a><figcaption class=\"blocks-gallery-item__caption\">Vortrag von Simon Kishegyi junior: \u201eSchw\u00e4bische Traditionen auf der B\u00fchne\u201d<\/figcaption><\/figure><\/li><li class=\"blocks-gallery-item\"><figure><a href=\"https:\/\/landesrat.hu\/wp-content\/uploads\/2021\/04\/Agardi-Gabor-a-tanc-szekcio-elnoke-2.jpg\"><img loading=\"lazy\" decoding=\"async\" width=\"1024\" height=\"1024\" src=\"https:\/\/landesrat.hu\/wp-content\/uploads\/2021\/04\/Agardi-Gabor-a-tanc-szekcio-elnoke-2-1024x1024.jpg\" alt=\"\" data-id=\"2783\" data-full-url=\"https:\/\/landesrat.hu\/wp-content\/uploads\/2021\/04\/Agardi-Gabor-a-tanc-szekcio-elnoke-2.jpg\" data-link=\"https:\/\/landesrat.hu\/tanctanarok-tovabbkepzese-manyon\/agardi-gabor-a-tanc-szekcio-elnoke-2\/\" class=\"wp-image-2783\" srcset=\"https:\/\/landesrat.hu\/wp-content\/uploads\/2021\/04\/Agardi-Gabor-a-tanc-szekcio-elnoke-2-980x980.jpg 980w, https:\/\/landesrat.hu\/wp-content\/uploads\/2021\/04\/Agardi-Gabor-a-tanc-szekcio-elnoke-2-480x480.jpg 480w\" sizes=\"(min-width: 0px) and (max-width: 480px) 480px, (min-width: 481px) and (max-width: 980px) 980px, (min-width: 981px) 1024px, 100vw\" \/><\/a><figcaption class=\"blocks-gallery-item__caption\">G\u00e1bor Ag\u00e1rdi, Vorsitzender der Tanzsektion<\/figcaption><\/figure><\/li><li class=\"blocks-gallery-item\"><figure><a href=\"https:\/\/landesrat.hu\/wp-content\/uploads\/2021\/02\/05-Agardi-Gabor-a-tanc-szekcio-elnoke-1024x576.jpg\"><img loading=\"lazy\" decoding=\"async\" width=\"1024\" height=\"576\" src=\"https:\/\/landesrat.hu\/wp-content\/uploads\/2021\/02\/05-Agardi-Gabor-a-tanc-szekcio-elnoke-1024x576.jpg\" alt=\"\" data-id=\"2040\" data-link=\"https:\/\/landesrat.hu\/?attachment_id=2040\" class=\"wp-image-2040\" srcset=\"https:\/\/landesrat.hu\/wp-content\/uploads\/2021\/02\/05-Agardi-Gabor-a-tanc-szekcio-elnoke-1024x576.jpg 1024w, https:\/\/landesrat.hu\/wp-content\/uploads\/2021\/02\/05-Agardi-Gabor-a-tanc-szekcio-elnoke-980x551.jpg 980w, https:\/\/landesrat.hu\/wp-content\/uploads\/2021\/02\/05-Agardi-Gabor-a-tanc-szekcio-elnoke-480x270.jpg 480w\" sizes=\"(min-width: 0px) and (max-width: 480px) 480px, (min-width: 481px) and (max-width: 980px) 980px, (min-width: 981px) 1024px, 100vw\" \/><\/a><figcaption class=\"blocks-gallery-item__caption\">G\u00e1bor Ag\u00e1rdi, Vorsitzender der Tanzsektion<\/figcaption><\/figure><\/li><\/ul><\/figure>\n","protected":false},"excerpt":{"rendered":"<p>Die Tanzsektion hielt ihre Fortbildung f\u00fcr Tanzlehrer am 18. Oktober in M\u00e1ny\/Maan ab. Der Landesrat unterst\u00fctzt die Pflege der ungarndeutschen Tanzkultur vom Kindes- bis zum hohen Alter. Das Volkstanzen gibt [&hellip;]<\/p>\n","protected":false},"author":1,"featured_media":5124,"comment_status":"closed","ping_status":"closed","sticky":false,"template":"","format":"standard","meta":{"_et_pb_use_builder":"off","_et_pb_old_content":"","_et_gb_content_width":"","inline_featured_image":false,"footnotes":""},"categories":[103,105],"tags":[],"_links":{"self":[{"href":"https:\/\/landesrat.hu\/de\/wp-json\/wp\/v2\/posts\/6315"}],"collection":[{"href":"https:\/\/landesrat.hu\/de\/wp-json\/wp\/v2\/posts"}],"about":[{"href":"https:\/\/landesrat.hu\/de\/wp-json\/wp\/v2\/types\/post"}],"author":[{"embeddable":true,"href":"https:\/\/landesrat.hu\/de\/wp-json\/wp\/v2\/users\/1"}],"replies":[{"embeddable":true,"href":"https:\/\/landesrat.hu\/de\/wp-json\/wp\/v2\/comments?post=6315"}],"version-history":[{"count":1,"href":"https:\/\/landesrat.hu\/de\/wp-json\/wp\/v2\/posts\/6315\/revisions"}],"predecessor-version":[{"id":6316,"href":"https:\/\/landesrat.hu\/de\/wp-json\/wp\/v2\/posts\/6315\/revisions\/6316"}],"wp:featuredmedia":[{"embeddable":true,"href":"https:\/\/landesrat.hu\/de\/wp-json\/wp\/v2\/media\/5124"}],"wp:attachment":[{"href":"https:\/\/landesrat.hu\/de\/wp-json\/wp\/v2\/media?parent=6315"}],"wp:term":[{"taxonomy":"category","embeddable":true,"href":"https:\/\/landesrat.hu\/de\/wp-json\/wp\/v2\/categories?post=6315"},{"taxonomy":"post_tag","embeddable":true,"href":"https:\/\/landesrat.hu\/de\/wp-json\/wp\/v2\/tags?post=6315"}],"curies":[{"name":"wp","href":"https:\/\/api.w.org\/{rel}","templated":true}]}}