{"id":18648,"date":"2025-08-13T06:27:05","date_gmt":"2025-08-13T04:27:05","guid":{"rendered":"https:\/\/landesrat.hu\/16-harmonikawoche-2025-qualitaet-und-einzigartiger-schwaebischer-musikstil-in-der-traditionspflege\/"},"modified":"2025-08-13T06:36:41","modified_gmt":"2025-08-13T04:36:41","slug":"16-harmonikawoche-2025-qualitaet-und-einzigartiger-schwaebischer-musikstil-in-der-traditionspflege","status":"publish","type":"post","link":"https:\/\/landesrat.hu\/de\/16-harmonikawoche-2025-qualitaet-und-einzigartiger-schwaebischer-musikstil-in-der-traditionspflege\/","title":{"rendered":"16. Harmonikawoche \u2013 Qualit\u00e4t und einzigartiger schw\u00e4bischer Musikstil in der Traditionspflege"},"content":{"rendered":"\n<div class=\"wp-block-columns is-layout-flex wp-container-core-columns-layout-1 wp-block-columns-is-layout-flex\">\n<div class=\"wp-block-column is-layout-flow wp-block-column-is-layout-flow\">\n<div class=\"wp-block-buttons is-content-justification-right is-layout-flex wp-block-buttons-is-layout-flex\">\n<div class=\"wp-block-button galeria-gomb\"><a class=\"wp-block-button__link\" href=\"#galeria\">Galeria<\/a><\/div>\n<\/div>\n<\/div>\n<\/div>\n\n<p>Eine Woche lang gaben sich die Akkordeonspieler aus f\u00fcnfzehn Ortschaften gemeinsam ihrer Leidenschaft, dem Akkordeonspiel, in Taks im Rahmen der Landesrat-Harmonikawoche hin. <\/p>\n\n<p><p><strong>Qualitativ hochwertige Darbietungen und die Betonung des einzigartigen schw\u00e4<\/strong><strong>bischen Musikstils in der Traditionspflege. <\/strong>W\u00e4hrend der gemeinsam verbrachten Zeit waren diese die wichtigsten Eckpunkte, die die Zusammenarbeit der Musiker bestimmtenDas ist kein Zufall, denn die Musiker kommen in dieses Camp, um d<strong>en \u201e<\/strong><strong>Reiz\u201d <\/strong><strong>und den einzigartigen Charakter der ungarn<\/strong><strong>deutschen Volksmusik zu sp\u00fc<\/strong><strong>ren <\/strong>und gemeinsam zu erlernen.<\/p><\/p>\n\n<p><p>W\u00e4hrend der Fortbildung wurden sie von zwei gro\u00dfartigen Akkordeonisten, <strong>D\u00e1<\/strong><strong>vid Solymosi und Norbert Sax<\/strong>, <strong>mit fachlicher Anleitung betreut<\/strong>, und <strong>L\u00e1szl\u00f3 Kreisz, Vorsitzender<\/strong><strong> des Landesrats<\/strong>, der selbst ein Liebhaber des Akkordeons ist, half den Musikern mit seiner Erfahrung, sich zu entfalten.<\/p><\/p>\n\n<p><p><strong>Der La<\/strong><strong>ndesrat organisiert seit 16 Jahren<\/strong><strong> die Harmonikawoche, an der bisher insgesamt 92 junge Akkordeonspieler teilgenommen haben. <\/strong>Das Harmonikalager bietet jedes Jahr eine hervorragende Gelegenheit f\u00fcr Musiker aus allen entfernten Ecken des Landes, Erfahrungen auszutauschen und Kontakte zu pflegen. Da sie sich grunds\u00e4tzlich einmal im Jahr in dieser Woche treffen und gemeinsam musizieren, freuen sie sich besonders auf das <strong>Abschlusskonzert, bei dem sie dem Publikum das Ergebnis ihrer einw<\/strong><strong>\u00f6<\/strong><strong>chigen Zusammenarbeit pr\u00e4<\/strong><strong>sentieren k<\/strong><strong>\u00f6nnen.<\/strong><\/p><\/p>\n\n<p><p>Dieses Jahr verbrachten sie die Woche im Freizeitzentrum <em>Z<\/em><em>\u00f6ld Sziget<\/em> in Taks.<br\/>Als Ergebnis mehrst\u00fcndiger Proben und Feinabstimmungen konnten wir am vergangenen Freitag beim <strong>Abschlusskonzert<\/strong>, das in der herrlichen Sommerabendstimmung im Musikpavillon auf dem Hauptplatz von Taks stattfand, ein <strong>sorgf<\/strong><strong>\u00e4<\/strong><strong>ltig zusammengestelltes, hochkar\u00e4<\/strong><strong>tiges Musikerlebnis genie\u00dfen<\/strong>.<\/p><\/p>\n\n<p><p>Landesrat-Vorsitzender L\u00e1szl\u00f3 Kreisz sagte in seiner Er\u00f6ffnungsrede, dass <strong>Kultur und Musik eine Art sch<\/strong><strong>\u00f6<\/strong><strong>ne innere Disziplin und Haltung vermitteln w\u00fcrden, die den Respekt f\u00fc<\/strong><strong>r alles wecken, was wir von unseren Vorfahren erhielten.<\/strong><\/p><\/p>\n\n<p><p>Unter den G\u00e4sten des Konzerts hob er den <strong>Musiklehrer Frigyes T\u00e1bori <\/strong>hervor, der <strong>vor vierzig Jahren drei renommierte Akkordeonspieler aus Taks,<\/strong> darunter auch ihn selbst, sowie den Lagerleiter D\u00e1vid Solymosi und auch Zolt\u00e1n Kassai, auf ihren musikalischen Weg gebracht hatte.<\/p><\/p>\n\n<p><p>Das Konzert wurde anschlie\u00dfend von D\u00e1vid Solymosi moderiert. Das Festprogramm bestand aus <strong>drei Bl<\/strong><strong>\u00f6<\/strong><strong>cken mit Melodien aus der Region, die den Ungarndeutschen vertraut sind<\/strong>. Stolz stellte er die Mitglieder des Orchesters vor und hob deren sch\u00f6ne Darbietung besonders hervor, da es sich nicht um ein aktiv t\u00e4tiges Harmoikakapelle handelt, das regelm\u00e4\u00dfig probt.<br\/><strong>Zur Harmonikawoche wurden <\/strong><strong>Musiker aus dem ganzen Land eingeladen<\/strong>, die dieses Jahr aus folgenden Orten kamen: Hidikut, Kalasch, Tschip, Waschludt, Harast, Deutsch-Jula, Werischwar, Di\u00f3sd, Budapest-Tschepele, Wetschesch, Pu\u00dftawam, Tscholnok, Taks, Leinwar und Budapest-Pestelisabeth.<\/p><\/p>\n\n<p><p>Er hob besonders die j\u00fcngsten und \u00e4ltesten Teilnehmer hervor. <strong>Tam\u00e1s T<\/strong><strong>\u00f3<\/strong><strong>th aus Pestelisabeth<\/strong><strong> nimmt seit 2014 teil <\/strong>und z\u00f6gerte auch dieses Jahr nicht, sich als Erster anzumelden. <strong>Die beiden j\u00fcngsten Akkordeonisten, Krist\u00f3f Varga\u00a0 aus Werischwar <\/strong>und <strong>P<\/strong><strong>\u00e9ter Vajna-R<\/strong><strong>\u00f6<\/strong><strong>tzer aus Harast<\/strong>, standen die langen Proben heldenhaft durch.<\/p><\/p>\n\n<p><p><strong>Der erste Teil des Konzerts war der Gegenwart gewidmet. <\/strong>Im Rahmen des Programms bewegten wir uns von der Gegenwart in die Vergangenheit. Im ersten Teil h\u00f6rten wir St\u00fccke, die D\u00e1vid Solymosi w\u00e4hrend seiner Karriere als Dirigent gespielt hatte.<br\/>2016 bat<strong> Istv\u00e1<\/strong><strong>n Geiger, Akkordeonlehrer aus Madaras, <\/strong>D\u00e1vid Solymosi, nach seinem R\u00fccktritt die Leitung der Harmonikawoche zu \u00fcbernehmen. D\u00e1vid nahm diese Aufgabe gerne an, da er bereits seit 2011 aktiv an der Arbeit des Lagers beteiligt war.<\/p><\/p>\n\n<p><p>Das erste St\u00fcck, die <strong>\u201e<\/strong><strong>Sch<\/strong><strong>\u00f6<\/strong><strong>ne Mizzi Polka\u201d<\/strong>, stammt aus der orangefarbenen <strong>Schallplatte <\/strong><strong>\u201e<\/strong><strong>Gru\u00df aus Dunaharaszti\u201d <\/strong>aus den 1960er Jahren, die den Grundstein f\u00fcr die Akkordeonisten legte und auf der das Budapester Konzertorchester unter der Leitung von Rudolf Wolf spielt. Laut D\u00e1vid ist eine Schwabenkapelle keine richtige Kapelle, wenn sie nicht mindestens ein Lied von dieser Platte spielt.<\/p><\/p>\n\n<p><p>Danach wurde zum Dreivierteltakt gewechselt. Obwohl man an einen Walzer denken k\u00f6nnte, wurde hier jedoch <strong>ein fast schon in Vergessenheit geratene Musikstil wiederbelebt<\/strong>, n\u00e4mlich die <strong>Mazurka.<\/strong> Die Noten zur Mazurka <strong>\u201e<\/strong><strong>Sehnsucht der Liebe\u201d <\/strong><strong>aus Wetschesch<\/strong> erhielt D\u00e1vid von Bence Brunner, der sie f\u00fcr ein Harmonikaorchester umgeschrieben hatte.<\/p><\/p>\n\n<p><p>Anschlie\u00dfend trat die traditionelle Formation <strong>Dreid<\/strong><strong>\u00f6<\/strong><strong>rfler Buam aus Harast <\/strong>auf, die regelm\u00e4\u00dfig von <strong>Norbert Sax <\/strong>auf dem <strong>Akkordeon<\/strong> begleitet wird. Ihre humorvollen Texte brachten das Publikum zum Lachen.<\/p><\/p>\n\n<p><p><strong>Im zweiten Teil des Konzerts erklangen nicht-ungarndeutsche St\u00fccke. <\/strong>Mit Freude erinnerten sich die Musiker an ihre Reise nach Tschechien im Jahr 2019, als die Harmonikakapelle am <strong>Sobeslav Kub<\/strong><strong>\u00e9<\/strong><strong>s Festival<\/strong> teilnahm, wo sie auf dem Hauptplatz von Sobeslav vor Tausenden von Menschen zusammen mit anderen namhaften Kapellen spielen durfte. Als besonderes Erlebnis behalten sie den Moment in Erinnerung, als <strong>der Komponist Ladislav Kub\u00e9s selbst die <\/strong><strong>\u201eS\u00fcdb<\/strong><strong>\u00f6<\/strong><strong>hmische Polka\u201d f\u00fcr <\/strong><strong>sie dirigierte<\/strong>.<\/p><\/p>\n\n<p><p>Es folgte das besondere St\u00fcck <strong>\u201e<\/strong><strong>Rosen der Liebe\u201d,<\/strong> das als sch\u00f6ner schw\u00e4bischer Walzer in das Repertoire der Kapelle aufgenommen wurde, sich jedoch sp\u00e4ter als gar nicht schw\u00e4bisch entpuppte. Dennoch liegt dieses St\u00fcck der Musiker sehr am Herzen, <strong>dessen Komponist Robert Payer in Agendorf geboren wurde,<\/strong> sp\u00e4ter nach Burgenland zog und dort bis heute t\u00e4tig ist. Anschlie\u00dfend h\u00f6rten wir die Polka \u201e<strong>B<\/strong><strong>\u00f6<\/strong><strong>hmischer Traum<\/strong>\u201d, die auch in Taks sehr beliebt ist, und konnten uns an dem Spiel eines weiteren hervorragenden Musikers, \u00c1d\u00e1m Weisz, erfreuen.<\/p><\/p>\n\n<p><p>Im dritten Teils des Konzerts <strong>schwelgten wir wieder in der Vergangenheit<\/strong>, denn die Lieder erinnerten uns mit gro\u00dfer <strong>Ehrerbietung an Herrn Geiger,<\/strong> der viele Jahre lang die Harmonikawoche geleitet hatte. D\u00e1vid Solymosi bem\u00fcht sich, den Jugendlichen die Lieder auf die Art und Weise zu vermitteln, wie er sie damals von seinem Lehrer gelernt hatte.<\/p><\/p>\n\n<p><p>Der Musikblock begann mit einem Marsch aus Madaras: dem Lied <em>\u00c9<\/em><em>ljen P<\/em><em>\u00e9ter <\/em><em>\u00e9s P\u00e1l<\/em> (Es lebe Peter und Paul) aus der <strong>Feder von M<\/strong><strong>\u00e1<\/strong><strong>rton M\u00fc<\/strong><strong>ller<\/strong>. Anschlie\u00dfend spielte <strong>\u00c1d\u00e1<\/strong><strong>m Weisz aus Waschludt<\/strong>, einer der herausragenden Musiker der Akkordeonwelt, auf seinem Steier Akkordeon den Walzer \u201eTiroler Kl\u00e4nge\u201d. Der Block endete mit der Franzl-Polka, einer Transkription von Johann F\u00f3di, einem der Gr\u00fcndungsmitglieder des Landesrats.<\/p><\/p>\n\n<p>Die n\u00e4chste Darbietung war ein ganz besonderes Erlebnis! &#13;\nUnter den Teilnehmern waren nicht nur Amateur-Musiker im positiven Sinne, die dieses Instrument von ganzem Herzen lieben und in ihrer Freizeit spielen, wann immer sie k\u00f6nnen. <\/p>\n\n<p><p>Seit Jahren geh\u00f6ren drei junge talentierte Musiker zu den Teilnehmern: <strong>Evelyn Mira Schalbert aus Hidikut, R\u00e9ka Nagy aus <\/strong><strong>Kalas und B\u00e1lint Patarcsits aus<\/strong><strong> Tschip<\/strong>, die am Konservatorium studieren und sich darauf vorbereiten, professionelle Akkordeonspieler zu werden. Mit einer wundersch\u00f6nen Darbietung von <strong>Astor Piazzollas bekanntestem und meistgespieltem St<\/strong><strong>\u00fc<\/strong><strong>ck, \u201e<\/strong><strong>Libertango\u201d<\/strong>, begeisterten sie das Publikum.<\/p><\/p>\n\n<p><p>Zum Abschluss des Konzerts erklang die beliebte <strong>\u201e<\/strong><strong>Inselbaum-Polka\u201d<\/strong>, die in ungarndeutschen Kreisen von Taks \u00fcber Schorokschar bis Wetschesch sowie entlang der Donau jeder kennt und bei der j<strong>edem Menschen mit schw<\/strong><strong>\u00e4<\/strong><strong>bischer Seele das Blut seiner Vorfahren in den Adern zu brodeln beginnt und sein Herz h<\/strong><strong>\u00f6<\/strong><strong>her schl\u00e4gt.<\/strong><\/p><\/p>\n\n<p><p>Die Akkordeonisten bescherten dem Publikum einen gro\u00dfartigen Sommerabend und bewiesen, dass ihnen ihre <strong>Traditionen und ihr Erbe wichtig sind, und dass ihre ungarndeutsche Musiksprache in ihnen sicherlich weiterleben wird<\/strong>. Wir danken den Musikern und den Lagerleitern f\u00fcr ihre Teilnahme und freuen uns schon jetzt darauf, sie n\u00e4chstes Jahr wieder im Lager begr\u00fc\u00dfen zu d\u00fcrfen!<\/p><\/p>\n\n<p>Die Veranstaltung wurde durch das Bundesministeriums des Innern (BMI), die Landesselbstverwaltung der Ungarndeutschen (LdU), die ungarischen Regierung und die Takser Deutsche Nationalit\u00e4tenselbstverwaltung gef\u00f6rdert.&#13;\n&#13;\n<\/p>\n\n<p id=\"galeria\">Galerie<\/p>\n\n<div class=\"wp-block-group is-layout-constrained wp-block-group-is-layout-constrained\">\n<figure class=\"wp-block-gallery has-nested-images columns-default is-cropped wp-block-gallery-1 is-layout-flex wp-block-gallery-is-layout-flex\">\n<figure class=\"wp-block-image size-large\"><a href=\"https:\/\/landesrat.hu\/wp-content\/uploads\/2025\/07\/LAH25-00-1024x768.jpeg\" target=\"_blank\" rel=\"noopener\"><img loading=\"lazy\" decoding=\"async\" width=\"1024\" height=\"768\" src=\"https:\/\/landesrat.hu\/wp-content\/uploads\/2025\/07\/LAH25-00-1024x768.jpeg\" alt=\"\" class=\"wp-image-18330\" srcset=\"https:\/\/landesrat.hu\/wp-content\/uploads\/2025\/07\/LAH25-00-1024x768.jpeg 1024w, https:\/\/landesrat.hu\/wp-content\/uploads\/2025\/07\/LAH25-00-980x735.jpeg 980w, https:\/\/landesrat.hu\/wp-content\/uploads\/2025\/07\/LAH25-00-480x360.jpeg 480w\" sizes=\"(min-width: 0px) and (max-width: 480px) 480px, (min-width: 481px) and (max-width: 980px) 980px, (min-width: 981px) 1024px, 100vw\" \/><\/a><\/figure>\n\n\n\n<figure class=\"wp-block-image size-large\"><a href=\"https:\/\/landesrat.hu\/wp-content\/uploads\/2025\/07\/LAH25-37-1024x768.jpg\" target=\"_blank\" rel=\"noopener\"><img loading=\"lazy\" decoding=\"async\" width=\"1024\" height=\"768\" src=\"https:\/\/landesrat.hu\/wp-content\/uploads\/2025\/07\/LAH25-37-1024x768.jpg\" alt=\"\" class=\"wp-image-18294\" srcset=\"https:\/\/landesrat.hu\/wp-content\/uploads\/2025\/07\/LAH25-37-1024x768.jpg 1024w, https:\/\/landesrat.hu\/wp-content\/uploads\/2025\/07\/LAH25-37-980x735.jpg 980w, https:\/\/landesrat.hu\/wp-content\/uploads\/2025\/07\/LAH25-37-480x360.jpg 480w\" sizes=\"(min-width: 0px) and (max-width: 480px) 480px, (min-width: 481px) and (max-width: 980px) 980px, (min-width: 981px) 1024px, 100vw\" \/><\/a><\/figure>\n\n\n\n<figure class=\"wp-block-image size-large\"><a href=\"https:\/\/landesrat.hu\/wp-content\/uploads\/2025\/07\/LAH25-28-1024x584.jpg\" target=\"_blank\" rel=\"noopener\"><img loading=\"lazy\" decoding=\"async\" width=\"1024\" height=\"584\" src=\"https:\/\/landesrat.hu\/wp-content\/uploads\/2025\/07\/LAH25-28-1024x584.jpg\" alt=\"\" class=\"wp-image-18326\" srcset=\"https:\/\/landesrat.hu\/wp-content\/uploads\/2025\/07\/LAH25-28-980x559.jpg 980w, https:\/\/landesrat.hu\/wp-content\/uploads\/2025\/07\/LAH25-28-480x274.jpg 480w\" sizes=\"(min-width: 0px) and (max-width: 480px) 480px, (min-width: 481px) and (max-width: 980px) 980px, (min-width: 981px) 1024px, 100vw\" \/><\/a><\/figure>\n\n\n\n<figure class=\"wp-block-image size-large\"><a href=\"https:\/\/landesrat.hu\/wp-content\/uploads\/2025\/07\/LAH25-20-1024x768.jpg\" target=\"_blank\" rel=\"noopener\"><img loading=\"lazy\" decoding=\"async\" width=\"1024\" height=\"768\" src=\"https:\/\/landesrat.hu\/wp-content\/uploads\/2025\/07\/LAH25-20-1024x768.jpg\" alt=\"\" class=\"wp-image-18296\" srcset=\"https:\/\/landesrat.hu\/wp-content\/uploads\/2025\/07\/LAH25-20-1024x768.jpg 1024w, https:\/\/landesrat.hu\/wp-content\/uploads\/2025\/07\/LAH25-20-980x735.jpg 980w, https:\/\/landesrat.hu\/wp-content\/uploads\/2025\/07\/LAH25-20-480x360.jpg 480w\" sizes=\"(min-width: 0px) and (max-width: 480px) 480px, (min-width: 481px) and (max-width: 980px) 980px, (min-width: 981px) 1024px, 100vw\" \/><\/a><\/figure>\n\n\n\n<figure class=\"wp-block-image size-large\"><a href=\"https:\/\/landesrat.hu\/wp-content\/uploads\/2025\/07\/LAH25-14-1024x752.jpg\" target=\"_blank\" rel=\"noopener\"><img loading=\"lazy\" decoding=\"async\" width=\"1024\" height=\"752\" src=\"https:\/\/landesrat.hu\/wp-content\/uploads\/2025\/07\/LAH25-14-1024x752.jpg\" alt=\"\" class=\"wp-image-18300\" srcset=\"https:\/\/landesrat.hu\/wp-content\/uploads\/2025\/07\/LAH25-14-1024x752.jpg 1024w, https:\/\/landesrat.hu\/wp-content\/uploads\/2025\/07\/LAH25-14-980x719.jpg 980w, https:\/\/landesrat.hu\/wp-content\/uploads\/2025\/07\/LAH25-14-480x352.jpg 480w\" sizes=\"(min-width: 0px) and (max-width: 480px) 480px, (min-width: 481px) and (max-width: 980px) 980px, (min-width: 981px) 1024px, 100vw\" \/><\/a><\/figure>\n\n\n\n<figure class=\"wp-block-image size-large\"><a href=\"https:\/\/landesrat.hu\/wp-content\/uploads\/2025\/07\/LAH25-33-1024x797.jpg\" target=\"_blank\" rel=\"noopener\"><img loading=\"lazy\" decoding=\"async\" width=\"1024\" height=\"797\" src=\"https:\/\/landesrat.hu\/wp-content\/uploads\/2025\/07\/LAH25-33-1024x797.jpg\" alt=\"\" class=\"wp-image-18286\" srcset=\"https:\/\/landesrat.hu\/wp-content\/uploads\/2025\/07\/LAH25-33-1024x797.jpg 1024w, https:\/\/landesrat.hu\/wp-content\/uploads\/2025\/07\/LAH25-33-980x763.jpg 980w, https:\/\/landesrat.hu\/wp-content\/uploads\/2025\/07\/LAH25-33-480x374.jpg 480w\" sizes=\"(min-width: 0px) and (max-width: 480px) 480px, (min-width: 481px) and (max-width: 980px) 980px, (min-width: 981px) 1024px, 100vw\" \/><\/a><\/figure>\n\n\n\n<figure class=\"wp-block-image size-large\"><a href=\"https:\/\/landesrat.hu\/wp-content\/uploads\/2025\/07\/LAH25-05-1024x768.jpg\" target=\"_blank\" rel=\"noopener\"><img loading=\"lazy\" decoding=\"async\" width=\"1024\" height=\"768\" src=\"https:\/\/landesrat.hu\/wp-content\/uploads\/2025\/07\/LAH25-05-1024x768.jpg\" alt=\"\" class=\"wp-image-18322\" srcset=\"https:\/\/landesrat.hu\/wp-content\/uploads\/2025\/07\/LAH25-05-1024x768.jpg 1024w, https:\/\/landesrat.hu\/wp-content\/uploads\/2025\/07\/LAH25-05-980x735.jpg 980w, https:\/\/landesrat.hu\/wp-content\/uploads\/2025\/07\/LAH25-05-480x360.jpg 480w\" sizes=\"(min-width: 0px) and (max-width: 480px) 480px, (min-width: 481px) and (max-width: 980px) 980px, (min-width: 981px) 1024px, 100vw\" \/><\/a><\/figure>\n\n\n\n<figure class=\"wp-block-image size-large\"><a href=\"https:\/\/landesrat.hu\/wp-content\/uploads\/2025\/07\/LAH25-04-1024x795.jpg\" target=\"_blank\" rel=\"noopener\"><img loading=\"lazy\" decoding=\"async\" width=\"1024\" height=\"795\" src=\"https:\/\/landesrat.hu\/wp-content\/uploads\/2025\/07\/LAH25-04-1024x795.jpg\" alt=\"\" class=\"wp-image-18306\" srcset=\"https:\/\/landesrat.hu\/wp-content\/uploads\/2025\/07\/LAH25-04-1024x795.jpg 1024w, https:\/\/landesrat.hu\/wp-content\/uploads\/2025\/07\/LAH25-04-980x761.jpg 980w, https:\/\/landesrat.hu\/wp-content\/uploads\/2025\/07\/LAH25-04-480x373.jpg 480w\" sizes=\"(min-width: 0px) and (max-width: 480px) 480px, (min-width: 481px) and (max-width: 980px) 980px, (min-width: 981px) 1024px, 100vw\" \/><\/a><\/figure>\n\n\n\n<figure class=\"wp-block-image size-large\"><a href=\"https:\/\/landesrat.hu\/wp-content\/uploads\/2025\/07\/LAH25-07-1024x695.jpg\" target=\"_blank\" rel=\"noopener\"><img loading=\"lazy\" decoding=\"async\" width=\"1024\" height=\"695\" src=\"https:\/\/landesrat.hu\/wp-content\/uploads\/2025\/07\/LAH25-07-1024x695.jpg\" alt=\"\" class=\"wp-image-18320\" srcset=\"https:\/\/landesrat.hu\/wp-content\/uploads\/2025\/07\/LAH25-07-1024x695.jpg 1024w, https:\/\/landesrat.hu\/wp-content\/uploads\/2025\/07\/LAH25-07-980x666.jpg 980w, https:\/\/landesrat.hu\/wp-content\/uploads\/2025\/07\/LAH25-07-480x326.jpg 480w\" sizes=\"(min-width: 0px) and (max-width: 480px) 480px, (min-width: 481px) and (max-width: 980px) 980px, (min-width: 981px) 1024px, 100vw\" \/><\/a><\/figure>\n\n\n\n<figure class=\"wp-block-image size-large\"><a href=\"https:\/\/landesrat.hu\/wp-content\/uploads\/2025\/07\/LAH25-03.jpg\" target=\"_blank\" rel=\"noopener\"><img loading=\"lazy\" decoding=\"async\" width=\"627\" height=\"800\" src=\"https:\/\/landesrat.hu\/wp-content\/uploads\/2025\/07\/LAH25-03.jpg\" alt=\"\" class=\"wp-image-18282\" srcset=\"https:\/\/landesrat.hu\/wp-content\/uploads\/2025\/07\/LAH25-03.jpg 627w, https:\/\/landesrat.hu\/wp-content\/uploads\/2025\/07\/LAH25-03-480x612.jpg 480w\" sizes=\"(min-width: 0px) and (max-width: 480px) 480px, (min-width: 481px) 627px, 100vw\" \/><\/a><\/figure>\n\n\n\n<figure class=\"wp-block-image size-large\"><a href=\"https:\/\/landesrat.hu\/wp-content\/uploads\/2025\/07\/LAH25-46-1024x684.jpg\" target=\"_blank\" rel=\"noopener\"><img loading=\"lazy\" decoding=\"async\" width=\"1024\" height=\"684\" src=\"https:\/\/landesrat.hu\/wp-content\/uploads\/2025\/07\/LAH25-46-1024x684.jpg\" alt=\"\" class=\"wp-image-18351\" srcset=\"https:\/\/landesrat.hu\/wp-content\/uploads\/2025\/07\/LAH25-46-1024x684.jpg 1024w, https:\/\/landesrat.hu\/wp-content\/uploads\/2025\/07\/LAH25-46-980x654.jpg 980w, https:\/\/landesrat.hu\/wp-content\/uploads\/2025\/07\/LAH25-46-480x321.jpg 480w\" sizes=\"(min-width: 0px) and (max-width: 480px) 480px, (min-width: 481px) and (max-width: 980px) 980px, (min-width: 981px) 1024px, 100vw\" \/><\/a><\/figure>\n\n\n\n<figure class=\"wp-block-image size-large\"><a href=\"https:\/\/landesrat.hu\/wp-content\/uploads\/2025\/07\/LAH25-53-1024x684.jpg\" target=\"_blank\" rel=\"noopener\"><img loading=\"lazy\" decoding=\"async\" width=\"1024\" height=\"684\" src=\"https:\/\/landesrat.hu\/wp-content\/uploads\/2025\/07\/LAH25-53-1024x684.jpg\" alt=\"\" class=\"wp-image-18331\" srcset=\"https:\/\/landesrat.hu\/wp-content\/uploads\/2025\/07\/LAH25-53-1024x684.jpg 1024w, https:\/\/landesrat.hu\/wp-content\/uploads\/2025\/07\/LAH25-53-980x655.jpg 980w, https:\/\/landesrat.hu\/wp-content\/uploads\/2025\/07\/LAH25-53-480x321.jpg 480w\" sizes=\"(min-width: 0px) and (max-width: 480px) 480px, (min-width: 481px) and (max-width: 980px) 980px, (min-width: 981px) 1024px, 100vw\" \/><\/a><\/figure>\n\n\n\n<figure class=\"wp-block-image size-large\"><a href=\"https:\/\/landesrat.hu\/wp-content\/uploads\/2025\/07\/LAH25-105-1024x683.jpg\" target=\"_blank\" rel=\"noopener\"><img loading=\"lazy\" decoding=\"async\" width=\"1024\" height=\"683\" src=\"https:\/\/landesrat.hu\/wp-content\/uploads\/2025\/07\/LAH25-105-1024x683.jpg\" alt=\"\" class=\"wp-image-18354\" srcset=\"https:\/\/landesrat.hu\/wp-content\/uploads\/2025\/07\/LAH25-105-1024x683.jpg 1024w, https:\/\/landesrat.hu\/wp-content\/uploads\/2025\/07\/LAH25-105-980x653.jpg 980w, https:\/\/landesrat.hu\/wp-content\/uploads\/2025\/07\/LAH25-105-480x320.jpg 480w\" sizes=\"(min-width: 0px) and (max-width: 480px) 480px, (min-width: 481px) and (max-width: 980px) 980px, (min-width: 981px) 1024px, 100vw\" \/><\/a><\/figure>\n\n\n\n<figure class=\"wp-block-image size-large\"><a href=\"https:\/\/landesrat.hu\/wp-content\/uploads\/2025\/07\/LAH25-55-1024x683.jpg\" target=\"_blank\" rel=\"noopener\"><img loading=\"lazy\" decoding=\"async\" width=\"1024\" height=\"683\" src=\"https:\/\/landesrat.hu\/wp-content\/uploads\/2025\/07\/LAH25-55-1024x683.jpg\" alt=\"\" class=\"wp-image-18346\" srcset=\"https:\/\/landesrat.hu\/wp-content\/uploads\/2025\/07\/LAH25-55-1024x683.jpg 1024w, https:\/\/landesrat.hu\/wp-content\/uploads\/2025\/07\/LAH25-55-980x653.jpg 980w, https:\/\/landesrat.hu\/wp-content\/uploads\/2025\/07\/LAH25-55-480x320.jpg 480w\" sizes=\"(min-width: 0px) and (max-width: 480px) 480px, (min-width: 481px) and (max-width: 980px) 980px, (min-width: 981px) 1024px, 100vw\" \/><\/a><\/figure>\n\n\n\n<figure class=\"wp-block-image size-large\"><img loading=\"lazy\" decoding=\"async\" width=\"1024\" height=\"683\" src=\"https:\/\/landesrat.hu\/wp-content\/uploads\/2025\/07\/LAH25-152-1-1024x683.jpg\" alt=\"\" class=\"wp-image-18362\" srcset=\"https:\/\/landesrat.hu\/wp-content\/uploads\/2025\/07\/LAH25-152-1-1024x683.jpg 1024w, https:\/\/landesrat.hu\/wp-content\/uploads\/2025\/07\/LAH25-152-1-980x654.jpg 980w, https:\/\/landesrat.hu\/wp-content\/uploads\/2025\/07\/LAH25-152-1-480x320.jpg 480w\" sizes=\"(min-width: 0px) and (max-width: 480px) 480px, (min-width: 481px) and (max-width: 980px) 980px, (min-width: 981px) 1024px, 100vw\" \/><\/figure>\n\n\n\n<figure class=\"wp-block-image size-large\"><a href=\"https:\/\/landesrat.hu\/wp-content\/uploads\/2025\/07\/LAH25-155-1024x683.jpg\" target=\"_blank\" rel=\"noopener\"><img loading=\"lazy\" decoding=\"async\" width=\"1024\" height=\"683\" src=\"https:\/\/landesrat.hu\/wp-content\/uploads\/2025\/07\/LAH25-155-1024x683.jpg\" alt=\"\" class=\"wp-image-18309\" srcset=\"https:\/\/landesrat.hu\/wp-content\/uploads\/2025\/07\/LAH25-155-1024x683.jpg 1024w, https:\/\/landesrat.hu\/wp-content\/uploads\/2025\/07\/LAH25-155-980x654.jpg 980w, https:\/\/landesrat.hu\/wp-content\/uploads\/2025\/07\/LAH25-155-480x320.jpg 480w\" sizes=\"(min-width: 0px) and (max-width: 480px) 480px, (min-width: 481px) and (max-width: 980px) 980px, (min-width: 981px) 1024px, 100vw\" \/><\/a><\/figure>\n\n\n\n<figure class=\"wp-block-image size-large\"><a href=\"https:\/\/landesrat.hu\/wp-content\/uploads\/2025\/07\/LAH25-81-1024x683.jpg\" target=\"_blank\" rel=\"noopener\"><img loading=\"lazy\" decoding=\"async\" width=\"1024\" height=\"683\" src=\"https:\/\/landesrat.hu\/wp-content\/uploads\/2025\/07\/LAH25-81-1024x683.jpg\" alt=\"\" class=\"wp-image-18340\" srcset=\"https:\/\/landesrat.hu\/wp-content\/uploads\/2025\/07\/LAH25-81-1024x683.jpg 1024w, https:\/\/landesrat.hu\/wp-content\/uploads\/2025\/07\/LAH25-81-980x654.jpg 980w, https:\/\/landesrat.hu\/wp-content\/uploads\/2025\/07\/LAH25-81-480x320.jpg 480w\" sizes=\"(min-width: 0px) and (max-width: 480px) 480px, (min-width: 481px) and (max-width: 980px) 980px, (min-width: 981px) 1024px, 100vw\" \/><\/a><\/figure>\n\n\n\n<figure class=\"wp-block-image size-large\"><a href=\"https:\/\/landesrat.hu\/wp-content\/uploads\/2025\/07\/LAH25-50-1024x684.jpg\" target=\"_blank\" rel=\"noopener\"><img loading=\"lazy\" decoding=\"async\" width=\"1024\" height=\"684\" src=\"https:\/\/landesrat.hu\/wp-content\/uploads\/2025\/07\/LAH25-50-1024x684.jpg\" alt=\"\" class=\"wp-image-18344\" srcset=\"https:\/\/landesrat.hu\/wp-content\/uploads\/2025\/07\/LAH25-50-1024x684.jpg 1024w, https:\/\/landesrat.hu\/wp-content\/uploads\/2025\/07\/LAH25-50-980x654.jpg 980w, https:\/\/landesrat.hu\/wp-content\/uploads\/2025\/07\/LAH25-50-480x321.jpg 480w\" sizes=\"(min-width: 0px) and (max-width: 480px) 480px, (min-width: 481px) and (max-width: 980px) 980px, (min-width: 981px) 1024px, 100vw\" \/><\/a><\/figure>\n\n\n\n<figure class=\"wp-block-image size-large\"><a href=\"https:\/\/landesrat.hu\/wp-content\/uploads\/2025\/07\/LAH25-118-1024x684.jpg\" target=\"_blank\" rel=\"noopener\"><img loading=\"lazy\" decoding=\"async\" width=\"1024\" height=\"684\" src=\"https:\/\/landesrat.hu\/wp-content\/uploads\/2025\/07\/LAH25-118-1024x684.jpg\" alt=\"\" class=\"wp-image-18312\" srcset=\"https:\/\/landesrat.hu\/wp-content\/uploads\/2025\/07\/LAH25-118-1024x684.jpg 1024w, https:\/\/landesrat.hu\/wp-content\/uploads\/2025\/07\/LAH25-118-980x655.jpg 980w, https:\/\/landesrat.hu\/wp-content\/uploads\/2025\/07\/LAH25-118-480x321.jpg 480w\" sizes=\"(min-width: 0px) and (max-width: 480px) 480px, (min-width: 481px) and (max-width: 980px) 980px, (min-width: 981px) 1024px, 100vw\" \/><\/a><\/figure>\n\n\n\n<figure class=\"wp-block-image size-large\"><a href=\"https:\/\/landesrat.hu\/wp-content\/uploads\/2025\/07\/LAH25-86-1024x683.jpg\" target=\"_blank\" rel=\"noopener\"><img loading=\"lazy\" decoding=\"async\" width=\"1024\" height=\"683\" src=\"https:\/\/landesrat.hu\/wp-content\/uploads\/2025\/07\/LAH25-86-1024x683.jpg\" alt=\"\" class=\"wp-image-18336\" srcset=\"https:\/\/landesrat.hu\/wp-content\/uploads\/2025\/07\/LAH25-86-1024x683.jpg 1024w, https:\/\/landesrat.hu\/wp-content\/uploads\/2025\/07\/LAH25-86-980x653.jpg 980w, https:\/\/landesrat.hu\/wp-content\/uploads\/2025\/07\/LAH25-86-480x320.jpg 480w\" sizes=\"(min-width: 0px) and (max-width: 480px) 480px, (min-width: 481px) and (max-width: 980px) 980px, (min-width: 981px) 1024px, 100vw\" \/><\/a><\/figure>\n\n\n\n<figure class=\"wp-block-image size-large\"><a href=\"https:\/\/landesrat.hu\/wp-content\/uploads\/2025\/07\/LAH25-147-1024x684.jpg\" target=\"_blank\" rel=\"noopener\"><img loading=\"lazy\" decoding=\"async\" width=\"1024\" height=\"684\" src=\"https:\/\/landesrat.hu\/wp-content\/uploads\/2025\/07\/LAH25-147-1024x684.jpg\" alt=\"\" class=\"wp-image-18338\" srcset=\"https:\/\/landesrat.hu\/wp-content\/uploads\/2025\/07\/LAH25-147-1024x684.jpg 1024w, https:\/\/landesrat.hu\/wp-content\/uploads\/2025\/07\/LAH25-147-980x655.jpg 980w, https:\/\/landesrat.hu\/wp-content\/uploads\/2025\/07\/LAH25-147-480x321.jpg 480w\" sizes=\"(min-width: 0px) and (max-width: 480px) 480px, (min-width: 481px) and (max-width: 980px) 980px, (min-width: 981px) 1024px, 100vw\" \/><\/a><\/figure>\n\n\n\n<figure class=\"wp-block-image size-large\"><a href=\"https:\/\/landesrat.hu\/wp-content\/uploads\/2025\/07\/LAH25-102-1024x684.jpg\" target=\"_blank\" rel=\"noopener\"><img loading=\"lazy\" decoding=\"async\" width=\"1024\" height=\"684\" src=\"https:\/\/landesrat.hu\/wp-content\/uploads\/2025\/07\/LAH25-102-1024x684.jpg\" alt=\"\" class=\"wp-image-18342\" srcset=\"https:\/\/landesrat.hu\/wp-content\/uploads\/2025\/07\/LAH25-102-1024x684.jpg 1024w, https:\/\/landesrat.hu\/wp-content\/uploads\/2025\/07\/LAH25-102-980x655.jpg 980w, https:\/\/landesrat.hu\/wp-content\/uploads\/2025\/07\/LAH25-102-480x321.jpg 480w\" sizes=\"(min-width: 0px) and (max-width: 480px) 480px, (min-width: 481px) and (max-width: 980px) 980px, (min-width: 981px) 1024px, 100vw\" \/><\/a><\/figure>\n\n\n\n<figure class=\"wp-block-image size-large\"><a href=\"https:\/\/landesrat.hu\/wp-content\/uploads\/2025\/07\/LAH25-84-1024x683.jpg\" target=\"_blank\" rel=\"noopener\"><img loading=\"lazy\" decoding=\"async\" width=\"1024\" height=\"683\" src=\"https:\/\/landesrat.hu\/wp-content\/uploads\/2025\/07\/LAH25-84-1024x683.jpg\" alt=\"\" class=\"wp-image-18328\" srcset=\"https:\/\/landesrat.hu\/wp-content\/uploads\/2025\/07\/LAH25-84-1024x683.jpg 1024w, https:\/\/landesrat.hu\/wp-content\/uploads\/2025\/07\/LAH25-84-980x653.jpg 980w, https:\/\/landesrat.hu\/wp-content\/uploads\/2025\/07\/LAH25-84-480x320.jpg 480w\" sizes=\"(min-width: 0px) and (max-width: 480px) 480px, (min-width: 481px) and (max-width: 980px) 980px, (min-width: 981px) 1024px, 100vw\" \/><\/a><\/figure>\n\n\n\n<figure class=\"wp-block-image size-large\"><a href=\"https:\/\/landesrat.hu\/wp-content\/uploads\/2025\/07\/LAH25-99-1024x684.jpg\" target=\"_blank\" rel=\"noopener\"><img loading=\"lazy\" decoding=\"async\" width=\"1024\" height=\"684\" src=\"https:\/\/landesrat.hu\/wp-content\/uploads\/2025\/07\/LAH25-99-1024x684.jpg\" alt=\"\" class=\"wp-image-18324\" srcset=\"https:\/\/landesrat.hu\/wp-content\/uploads\/2025\/07\/LAH25-99-1024x684.jpg 1024w, https:\/\/landesrat.hu\/wp-content\/uploads\/2025\/07\/LAH25-99-980x655.jpg 980w, https:\/\/landesrat.hu\/wp-content\/uploads\/2025\/07\/LAH25-99-480x321.jpg 480w\" sizes=\"(min-width: 0px) and (max-width: 480px) 480px, (min-width: 481px) and (max-width: 980px) 980px, (min-width: 981px) 1024px, 100vw\" \/><\/a><\/figure>\n\n\n\n<figure class=\"wp-block-image size-large\"><a href=\"https:\/\/landesrat.hu\/wp-content\/uploads\/2025\/07\/LAH25-100-1024x684.jpg\" target=\"_blank\" rel=\"noopener\"><img loading=\"lazy\" decoding=\"async\" width=\"1024\" height=\"684\" src=\"https:\/\/landesrat.hu\/wp-content\/uploads\/2025\/07\/LAH25-100-1024x684.jpg\" alt=\"\" class=\"wp-image-18334\" srcset=\"https:\/\/landesrat.hu\/wp-content\/uploads\/2025\/07\/LAH25-100-1024x684.jpg 1024w, https:\/\/landesrat.hu\/wp-content\/uploads\/2025\/07\/LAH25-100-980x655.jpg 980w, https:\/\/landesrat.hu\/wp-content\/uploads\/2025\/07\/LAH25-100-480x321.jpg 480w\" sizes=\"(min-width: 0px) and (max-width: 480px) 480px, (min-width: 481px) and (max-width: 980px) 980px, (min-width: 981px) 1024px, 100vw\" \/><\/a><\/figure>\n\n\n\n<figure class=\"wp-block-image size-large\"><a href=\"https:\/\/landesrat.hu\/wp-content\/uploads\/2025\/07\/LAH25-82-1024x683.jpg\" target=\"_blank\" rel=\"noopener\"><img loading=\"lazy\" decoding=\"async\" width=\"1024\" height=\"683\" src=\"https:\/\/landesrat.hu\/wp-content\/uploads\/2025\/07\/LAH25-82-1024x683.jpg\" alt=\"\" class=\"wp-image-18316\" srcset=\"https:\/\/landesrat.hu\/wp-content\/uploads\/2025\/07\/LAH25-82-1024x683.jpg 1024w, https:\/\/landesrat.hu\/wp-content\/uploads\/2025\/07\/LAH25-82-980x654.jpg 980w, https:\/\/landesrat.hu\/wp-content\/uploads\/2025\/07\/LAH25-82-480x320.jpg 480w\" sizes=\"(min-width: 0px) and (max-width: 480px) 480px, (min-width: 481px) and (max-width: 980px) 980px, (min-width: 981px) 1024px, 100vw\" \/><\/a><\/figure>\n\n\n\n<figure class=\"wp-block-image size-large\"><a href=\"https:\/\/landesrat.hu\/wp-content\/uploads\/2025\/07\/LAH25-125-1024x684.jpg\" target=\"_blank\" rel=\"noopener\"><img loading=\"lazy\" decoding=\"async\" width=\"1024\" height=\"684\" src=\"https:\/\/landesrat.hu\/wp-content\/uploads\/2025\/07\/LAH25-125-1024x684.jpg\" alt=\"\" class=\"wp-image-18318\" srcset=\"https:\/\/landesrat.hu\/wp-content\/uploads\/2025\/07\/LAH25-125-1024x684.jpg 1024w, https:\/\/landesrat.hu\/wp-content\/uploads\/2025\/07\/LAH25-125-980x655.jpg 980w, https:\/\/landesrat.hu\/wp-content\/uploads\/2025\/07\/LAH25-125-480x321.jpg 480w\" sizes=\"(min-width: 0px) and (max-width: 480px) 480px, (min-width: 481px) and (max-width: 980px) 980px, (min-width: 981px) 1024px, 100vw\" \/><\/a><\/figure>\n\n\n\n<figure class=\"wp-block-image size-large\"><a href=\"https:\/\/landesrat.hu\/wp-content\/uploads\/2025\/07\/LAH25-78-rotated.jpg\" target=\"_blank\" rel=\"noopener\"><img loading=\"lazy\" decoding=\"async\" width=\"534\" height=\"800\" src=\"https:\/\/landesrat.hu\/wp-content\/uploads\/2025\/07\/LAH25-78-rotated.jpg\" alt=\"\" class=\"wp-image-18298\" srcset=\"https:\/\/landesrat.hu\/wp-content\/uploads\/2025\/07\/LAH25-78-rotated.jpg 534w, https:\/\/landesrat.hu\/wp-content\/uploads\/2025\/07\/LAH25-78-480x719.jpg 480w\" sizes=\"(min-width: 0px) and (max-width: 480px) 480px, (min-width: 481px) 534px, 100vw\" \/><\/a><\/figure>\n\n\n\n<figure class=\"wp-block-image size-large\"><a href=\"https:\/\/landesrat.hu\/wp-content\/uploads\/2025\/07\/LAH25-163-1-1024x683.jpg\" target=\"_blank\" rel=\"noopener\"><img loading=\"lazy\" decoding=\"async\" width=\"1024\" height=\"683\" src=\"https:\/\/landesrat.hu\/wp-content\/uploads\/2025\/07\/LAH25-163-1-1024x683.jpg\" alt=\"\" class=\"wp-image-18360\" srcset=\"https:\/\/landesrat.hu\/wp-content\/uploads\/2025\/07\/LAH25-163-1-1024x683.jpg 1024w, https:\/\/landesrat.hu\/wp-content\/uploads\/2025\/07\/LAH25-163-1-980x653.jpg 980w, https:\/\/landesrat.hu\/wp-content\/uploads\/2025\/07\/LAH25-163-1-480x320.jpg 480w\" sizes=\"(min-width: 0px) and (max-width: 480px) 480px, (min-width: 481px) and (max-width: 980px) 980px, (min-width: 981px) 1024px, 100vw\" \/><\/a><\/figure>\n\n\n\n<figure class=\"wp-block-image size-large\"><a href=\"https:\/\/landesrat.hu\/wp-content\/uploads\/2025\/07\/LAH25-52-1024x683.jpg\" target=\"_blank\" rel=\"noopener\"><img loading=\"lazy\" decoding=\"async\" width=\"1024\" height=\"683\" src=\"https:\/\/landesrat.hu\/wp-content\/uploads\/2025\/07\/LAH25-52-1024x683.jpg\" alt=\"\" class=\"wp-image-18302\" srcset=\"https:\/\/landesrat.hu\/wp-content\/uploads\/2025\/07\/LAH25-52-1024x683.jpg 1024w, https:\/\/landesrat.hu\/wp-content\/uploads\/2025\/07\/LAH25-52-980x653.jpg 980w, https:\/\/landesrat.hu\/wp-content\/uploads\/2025\/07\/LAH25-52-480x320.jpg 480w\" sizes=\"(min-width: 0px) and (max-width: 480px) 480px, (min-width: 481px) and (max-width: 980px) 980px, (min-width: 981px) 1024px, 100vw\" \/><\/a><\/figure>\n\n\n\n<figure class=\"wp-block-image size-large\"><a href=\"https:\/\/landesrat.hu\/wp-content\/uploads\/2025\/07\/LAH25-150-1024x684.jpg\" target=\"_blank\" rel=\"noopener\"><img loading=\"lazy\" decoding=\"async\" width=\"1024\" height=\"684\" src=\"https:\/\/landesrat.hu\/wp-content\/uploads\/2025\/07\/LAH25-150-1024x684.jpg\" alt=\"\" class=\"wp-image-18314\" srcset=\"https:\/\/landesrat.hu\/wp-content\/uploads\/2025\/07\/LAH25-150-1024x684.jpg 1024w, https:\/\/landesrat.hu\/wp-content\/uploads\/2025\/07\/LAH25-150-980x655.jpg 980w, https:\/\/landesrat.hu\/wp-content\/uploads\/2025\/07\/LAH25-150-480x321.jpg 480w\" sizes=\"(min-width: 0px) and (max-width: 480px) 480px, (min-width: 481px) and (max-width: 980px) 980px, (min-width: 981px) 1024px, 100vw\" \/><\/a><\/figure>\n\n\n\n<figure class=\"wp-block-image size-large\"><a href=\"https:\/\/landesrat.hu\/wp-content\/uploads\/2025\/07\/LAH25-154-1024x683.jpg\" target=\"_blank\" rel=\"noopener\"><img loading=\"lazy\" decoding=\"async\" width=\"1024\" height=\"683\" src=\"https:\/\/landesrat.hu\/wp-content\/uploads\/2025\/07\/LAH25-154-1024x683.jpg\" alt=\"\" class=\"wp-image-18304\" srcset=\"https:\/\/landesrat.hu\/wp-content\/uploads\/2025\/07\/LAH25-154-1024x683.jpg 1024w, https:\/\/landesrat.hu\/wp-content\/uploads\/2025\/07\/LAH25-154-980x654.jpg 980w, https:\/\/landesrat.hu\/wp-content\/uploads\/2025\/07\/LAH25-154-480x320.jpg 480w\" sizes=\"(min-width: 0px) and (max-width: 480px) 480px, (min-width: 481px) and (max-width: 980px) 980px, (min-width: 981px) 1024px, 100vw\" \/><\/a><\/figure>\n\n\n\n<figure class=\"wp-block-image size-large\"><a href=\"https:\/\/landesrat.hu\/wp-content\/uploads\/2025\/07\/LAH25-157-1024x683.jpg\" target=\"_blank\" rel=\"noopener\"><img loading=\"lazy\" decoding=\"async\" width=\"1024\" height=\"683\" src=\"https:\/\/landesrat.hu\/wp-content\/uploads\/2025\/07\/LAH25-157-1024x683.jpg\" alt=\"\" class=\"wp-image-18292\" srcset=\"https:\/\/landesrat.hu\/wp-content\/uploads\/2025\/07\/LAH25-157-1024x683.jpg 1024w, https:\/\/landesrat.hu\/wp-content\/uploads\/2025\/07\/LAH25-157-980x654.jpg 980w, https:\/\/landesrat.hu\/wp-content\/uploads\/2025\/07\/LAH25-157-480x320.jpg 480w\" sizes=\"(min-width: 0px) and (max-width: 480px) 480px, (min-width: 481px) and (max-width: 980px) 980px, (min-width: 981px) 1024px, 100vw\" \/><\/a><\/figure>\n\n\n\n<figure class=\"wp-block-image size-large\"><a href=\"https:\/\/landesrat.hu\/wp-content\/uploads\/2025\/07\/LAH25-11-1024x768.jpg\" target=\"_blank\" rel=\"noopener\"><img loading=\"lazy\" decoding=\"async\" width=\"1024\" height=\"768\" src=\"https:\/\/landesrat.hu\/wp-content\/uploads\/2025\/07\/LAH25-11-1024x768.jpg\" alt=\"\" class=\"wp-image-18290\" srcset=\"https:\/\/landesrat.hu\/wp-content\/uploads\/2025\/07\/LAH25-11-1024x768.jpg 1024w, https:\/\/landesrat.hu\/wp-content\/uploads\/2025\/07\/LAH25-11-980x735.jpg 980w, https:\/\/landesrat.hu\/wp-content\/uploads\/2025\/07\/LAH25-11-480x360.jpg 480w\" sizes=\"(min-width: 0px) and (max-width: 480px) 480px, (min-width: 481px) and (max-width: 980px) 980px, (min-width: 981px) 1024px, 100vw\" \/><\/a><\/figure>\n\n\n\n<figure class=\"wp-block-image size-large\"><a href=\"https:\/\/landesrat.hu\/wp-content\/uploads\/2025\/07\/LAH25-85-1024x683.jpg\" target=\"_blank\" rel=\"noopener\"><img loading=\"lazy\" decoding=\"async\" width=\"1024\" height=\"683\" src=\"https:\/\/landesrat.hu\/wp-content\/uploads\/2025\/07\/LAH25-85-1024x683.jpg\" alt=\"\" class=\"wp-image-18288\" srcset=\"https:\/\/landesrat.hu\/wp-content\/uploads\/2025\/07\/LAH25-85-1024x683.jpg 1024w, https:\/\/landesrat.hu\/wp-content\/uploads\/2025\/07\/LAH25-85-980x653.jpg 980w, https:\/\/landesrat.hu\/wp-content\/uploads\/2025\/07\/LAH25-85-480x320.jpg 480w\" sizes=\"(min-width: 0px) and (max-width: 480px) 480px, (min-width: 481px) and (max-width: 980px) 980px, (min-width: 981px) 1024px, 100vw\" \/><\/a><\/figure>\n\n\n\n<figure class=\"wp-block-image size-large\"><a href=\"https:\/\/landesrat.hu\/wp-content\/uploads\/2025\/07\/LAH25-106-1024x683.jpg\" target=\"_blank\" rel=\"noopener\"><img loading=\"lazy\" decoding=\"async\" width=\"1024\" height=\"683\" src=\"https:\/\/landesrat.hu\/wp-content\/uploads\/2025\/07\/LAH25-106-1024x683.jpg\" alt=\"\" class=\"wp-image-18284\" srcset=\"https:\/\/landesrat.hu\/wp-content\/uploads\/2025\/07\/LAH25-106-1024x683.jpg 1024w, https:\/\/landesrat.hu\/wp-content\/uploads\/2025\/07\/LAH25-106-980x653.jpg 980w, https:\/\/landesrat.hu\/wp-content\/uploads\/2025\/07\/LAH25-106-480x320.jpg 480w\" sizes=\"(min-width: 0px) and (max-width: 480px) 480px, (min-width: 481px) and (max-width: 980px) 980px, (min-width: 981px) 1024px, 100vw\" \/><\/a><\/figure>\n\n\n\n<figure class=\"wp-block-image size-large\"><a href=\"https:\/\/landesrat.hu\/wp-content\/uploads\/2025\/07\/LAH25-128-rotated.jpg\" target=\"_blank\" rel=\"noopener\"><img loading=\"lazy\" decoding=\"async\" width=\"535\" height=\"800\" src=\"https:\/\/landesrat.hu\/wp-content\/uploads\/2025\/07\/LAH25-128-rotated.jpg\" alt=\"\" class=\"wp-image-18280\" srcset=\"https:\/\/landesrat.hu\/wp-content\/uploads\/2025\/07\/LAH25-128-rotated.jpg 535w, https:\/\/landesrat.hu\/wp-content\/uploads\/2025\/07\/LAH25-128-480x718.jpg 480w\" sizes=\"(min-width: 0px) and (max-width: 480px) 480px, (min-width: 481px) 535px, 100vw\" \/><\/a><\/figure>\n\n\n\n<figure class=\"wp-block-image size-large\"><a href=\"https:\/\/landesrat.hu\/wp-content\/uploads\/2025\/07\/LAH25-163-1024x683.jpg\" target=\"_blank\" rel=\"noopener\"><img loading=\"lazy\" decoding=\"async\" width=\"1024\" height=\"683\" src=\"https:\/\/landesrat.hu\/wp-content\/uploads\/2025\/07\/LAH25-163-1024x683.jpg\" alt=\"\" class=\"wp-image-18348\" srcset=\"https:\/\/landesrat.hu\/wp-content\/uploads\/2025\/07\/LAH25-163-1024x683.jpg 1024w, https:\/\/landesrat.hu\/wp-content\/uploads\/2025\/07\/LAH25-163-980x653.jpg 980w, https:\/\/landesrat.hu\/wp-content\/uploads\/2025\/07\/LAH25-163-480x320.jpg 480w\" sizes=\"(min-width: 0px) and (max-width: 480px) 480px, (min-width: 481px) and (max-width: 980px) 980px, (min-width: 981px) 1024px, 100vw\" \/><\/a><\/figure>\n\n\n\n<figure class=\"wp-block-image size-large\"><a href=\"https:\/\/landesrat.hu\/wp-content\/uploads\/2025\/07\/LAH25-42-1024x684.jpg\" target=\"_blank\" rel=\"noopener\"><img loading=\"lazy\" decoding=\"async\" width=\"1024\" height=\"684\" src=\"https:\/\/landesrat.hu\/wp-content\/uploads\/2025\/07\/LAH25-42-1024x684.jpg\" alt=\"\" class=\"wp-image-18350\" srcset=\"https:\/\/landesrat.hu\/wp-content\/uploads\/2025\/07\/LAH25-42-1024x684.jpg 1024w, https:\/\/landesrat.hu\/wp-content\/uploads\/2025\/07\/LAH25-42-980x654.jpg 980w, https:\/\/landesrat.hu\/wp-content\/uploads\/2025\/07\/LAH25-42-480x321.jpg 480w\" sizes=\"(min-width: 0px) and (max-width: 480px) 480px, (min-width: 481px) and (max-width: 980px) 980px, (min-width: 981px) 1024px, 100vw\" \/><\/a><\/figure>\n<\/figure>\n<\/div>\n","protected":false},"excerpt":{"rendered":"<p>Eine Woche lang gaben sich die Akkordeonspieler aus f\u00fcnfzehn Ortschaften gemeinsam ihrer Leidenschaft, dem Akkordeonspiel, in Taks im Rahmen der Landesrat-Harmonikawoche hin. Qualitativ hochwertige Darbietungen und die Betonung des einzigartigen [&hellip;]<\/p>\n","protected":false},"author":7,"featured_media":5126,"comment_status":"closed","ping_status":"closed","sticky":false,"template":"","format":"standard","meta":{"_et_pb_use_builder":"","_et_pb_old_content":"","_et_gb_content_width":"","inline_featured_image":false,"footnotes":""},"categories":[108,103],"tags":[],"_links":{"self":[{"href":"https:\/\/landesrat.hu\/de\/wp-json\/wp\/v2\/posts\/18648"}],"collection":[{"href":"https:\/\/landesrat.hu\/de\/wp-json\/wp\/v2\/posts"}],"about":[{"href":"https:\/\/landesrat.hu\/de\/wp-json\/wp\/v2\/types\/post"}],"author":[{"embeddable":true,"href":"https:\/\/landesrat.hu\/de\/wp-json\/wp\/v2\/users\/7"}],"replies":[{"embeddable":true,"href":"https:\/\/landesrat.hu\/de\/wp-json\/wp\/v2\/comments?post=18648"}],"version-history":[{"count":7,"href":"https:\/\/landesrat.hu\/de\/wp-json\/wp\/v2\/posts\/18648\/revisions"}],"predecessor-version":[{"id":18655,"href":"https:\/\/landesrat.hu\/de\/wp-json\/wp\/v2\/posts\/18648\/revisions\/18655"}],"wp:featuredmedia":[{"embeddable":true,"href":"https:\/\/landesrat.hu\/de\/wp-json\/wp\/v2\/media\/5126"}],"wp:attachment":[{"href":"https:\/\/landesrat.hu\/de\/wp-json\/wp\/v2\/media?parent=18648"}],"wp:term":[{"taxonomy":"category","embeddable":true,"href":"https:\/\/landesrat.hu\/de\/wp-json\/wp\/v2\/categories?post=18648"},{"taxonomy":"post_tag","embeddable":true,"href":"https:\/\/landesrat.hu\/de\/wp-json\/wp\/v2\/tags?post=18648"}],"curies":[{"name":"wp","href":"https:\/\/api.w.org\/{rel}","templated":true}]}}