{"id":17852,"date":"2025-04-23T23:06:32","date_gmt":"2025-04-23T21:06:32","guid":{"rendered":"https:\/\/landesrat.hu\/festliches-mittagessen-mit-leitern-und-amtstraegern-des-landesrates\/"},"modified":"2025-05-05T23:08:41","modified_gmt":"2025-05-05T21:08:41","slug":"festliches-mittagessen-mit-leitern-und-amtstraegern-des-landesrates","status":"publish","type":"post","link":"https:\/\/landesrat.hu\/de\/festliches-mittagessen-mit-leitern-und-amtstraegern-des-landesrates\/","title":{"rendered":"Festliches Mittagessen mit Leitern und Amtstr\u00e4gern des Landesrates"},"content":{"rendered":"\n<div class=\"wp-block-columns is-layout-flex wp-container-core-columns-layout-1 wp-block-columns-is-layout-flex\">\n<div class=\"wp-block-column is-layout-flow wp-block-column-is-layout-flow\">\n<div class=\"wp-block-buttons is-content-justification-right is-layout-flex wp-block-buttons-is-layout-flex\">\n<div class=\"wp-block-button galeria-gomb\"><a class=\"wp-block-button__link\" href=\"#galeria\">Galeria<\/a><\/div>\n<\/div>\n<\/div>\n<\/div>\n\n<p><p><strong>Respekt, Dankbarkeit, Wertsch\u00e4tzung:<\/strong> Das waren die Gef\u00fchle, die die Atmosph\u00e4re des festlichen Mittagessens am 22. April bestimmten, an dem erneut charismatische Pers\u00f6nlichkeiten und engagierte Amtstr\u00e4ger des Landesrats teilnahmen.<\/p><\/p>\n\n<p><p><strong>Es war eine Hommage des Respekts und der Dankbarkeit an unsere Vorfahren, die gemeinsam den Charakter des Landesrates \u00fcber Jahrzehnte hinweg gepr\u00e4gt hatten, und eine W\u00fcrdigung des gro\u00dfen kulturellen Wertes, den unsere Vorfahren uns hinterlassen hatten.<\/strong><\/p><\/p>\n\n<p>Die nationale Identit\u00e4t zu leben und die Erinnerungskultur zu st\u00e4rken, ist unsere gemeinsame Aufgabe, gerade in einer Zeit, in der es immer weniger unserer Vorfahren unter uns sind.<\/p>\n\n<p><p><strong>Die Erinnerung an unsere Ahnen und ihr Beispiel werden uns in der Gegenwart tragen,<\/strong> damit wir unsere Identit\u00e4t authentisch und getreu ihrem Geist leben und das \u201eTalent\u201c, das wir geerbt hatten, weiter bereichern k\u00f6nnen.<\/p><\/p>\n\n<p><p>Am festlichen Mittagsmahl nahmen mit Freude teil:<br\/><strong>Fanz Neubrandt, Ehrenvorsitzender der Kirchenmusiksektion des Landesrates,<\/strong><br\/><strong>Julianna Szab\u00f3, Vorsitzende der Tanzsektion des Landesrates,<\/strong><br\/><strong>S\u00e1ndor Kasz\u00e1s, Vorsitzender der Blasmusiksektion des Landesrates,<\/strong><br\/><strong>Josef Schwarz, der ehemahligen Vice-Vorsitzender der Blasmusiksektion des Landesrates,<\/strong><br\/><strong>L\u00e1szl\u00f3 Szax, Vorsitzender der Kirchenmusiksektion des Landesrates,<\/strong><br\/><strong>L\u00e1szl\u00f3 Kreisz, Vorsitzender des Landesrates,<\/strong><\/p><\/p>\n\n<p><p><strong>Die B\u00fcroleiter des Landesrates:<\/strong><br\/><strong>Frau Ica Husz\u00e1k, die erste Leiterin (1996-2004), und ihrer Ehemann G\u00e9za Husz\u00e1k,\u00a0<\/strong><br\/><strong>und J\u00e1nos Hahn, der gegenw\u00e4rtige Leiter (seit 2020) des Landesratb\u00fcros.<\/strong><\/p><\/p>\n\n<p>Wir danken allen G\u00e4sten, dass sie uns mit ihrer Anwesenheit bei dieser zur Tradition gewordenen Veranstaltung beehrten. Wir freuen uns darauf, sie n\u00e4chstes Jahr wieder begr\u00fc\u00dfen zu d\u00fcrfen! <\/p>\n\n<h2 class=\"wp-block-heading\" id=\"galeria\">Galerie<\/h2>\n\n<figure class=\"wp-block-gallery has-nested-images columns-default is-cropped wp-block-gallery-1 is-layout-flex wp-block-gallery-is-layout-flex\">\n<figure class=\"wp-block-image size-large\"><a href=\"https:\/\/landesrat.hu\/wp-content\/uploads\/2025\/05\/LVIP25-10-1024x576.jpg\"><img loading=\"lazy\" decoding=\"async\" width=\"1024\" height=\"576\" data-id=\"17837\" src=\"https:\/\/landesrat.hu\/wp-content\/uploads\/2025\/05\/LVIP25-10-1024x576.jpg\" alt=\"\" class=\"wp-image-17837\" srcset=\"https:\/\/landesrat.hu\/wp-content\/uploads\/2025\/05\/LVIP25-10-980x551.jpg 980w, https:\/\/landesrat.hu\/wp-content\/uploads\/2025\/05\/LVIP25-10-480x270.jpg 480w\" sizes=\"(min-width: 0px) and (max-width: 480px) 480px, (min-width: 481px) and (max-width: 980px) 980px, (min-width: 981px) 1024px, 100vw\" \/><\/a><\/figure>\n\n\n\n<figure class=\"wp-block-image size-large\"><a href=\"https:\/\/landesrat.hu\/wp-content\/uploads\/2025\/05\/LVIP25-02-1024x576.jpg\"><img loading=\"lazy\" decoding=\"async\" width=\"1024\" height=\"576\" data-id=\"17844\" src=\"https:\/\/landesrat.hu\/wp-content\/uploads\/2025\/05\/LVIP25-02-1024x576.jpg\" alt=\"\" class=\"wp-image-17844\" srcset=\"https:\/\/landesrat.hu\/wp-content\/uploads\/2025\/05\/LVIP25-02-980x551.jpg 980w, https:\/\/landesrat.hu\/wp-content\/uploads\/2025\/05\/LVIP25-02-480x270.jpg 480w\" sizes=\"(min-width: 0px) and (max-width: 480px) 480px, (min-width: 481px) and (max-width: 980px) 980px, (min-width: 981px) 1024px, 100vw\" \/><\/a><\/figure>\n\n\n\n<figure class=\"wp-block-image size-large\"><a href=\"https:\/\/landesrat.hu\/wp-content\/uploads\/2025\/05\/LVIP25-05-1024x576.jpg\"><img loading=\"lazy\" decoding=\"async\" width=\"1024\" height=\"576\" data-id=\"17834\" src=\"https:\/\/landesrat.hu\/wp-content\/uploads\/2025\/05\/LVIP25-05-1024x576.jpg\" alt=\"\" class=\"wp-image-17834\" srcset=\"https:\/\/landesrat.hu\/wp-content\/uploads\/2025\/05\/LVIP25-05-980x551.jpg 980w, https:\/\/landesrat.hu\/wp-content\/uploads\/2025\/05\/LVIP25-05-480x270.jpg 480w\" sizes=\"(min-width: 0px) and (max-width: 480px) 480px, (min-width: 481px) and (max-width: 980px) 980px, (min-width: 981px) 1024px, 100vw\" \/><\/a><\/figure>\n\n\n\n<figure class=\"wp-block-image size-large\"><a href=\"https:\/\/landesrat.hu\/wp-content\/uploads\/2025\/05\/LVIP25-04-1024x576.jpg\"><img loading=\"lazy\" decoding=\"async\" width=\"1024\" height=\"576\" data-id=\"17836\" src=\"https:\/\/landesrat.hu\/wp-content\/uploads\/2025\/05\/LVIP25-04-1024x576.jpg\" alt=\"\" class=\"wp-image-17836\" srcset=\"https:\/\/landesrat.hu\/wp-content\/uploads\/2025\/05\/LVIP25-04-980x551.jpg 980w, https:\/\/landesrat.hu\/wp-content\/uploads\/2025\/05\/LVIP25-04-480x270.jpg 480w\" sizes=\"(min-width: 0px) and (max-width: 480px) 480px, (min-width: 481px) and (max-width: 980px) 980px, (min-width: 981px) 1024px, 100vw\" \/><\/a><\/figure>\n\n\n\n<figure class=\"wp-block-image size-large\"><a href=\"https:\/\/landesrat.hu\/wp-content\/uploads\/2025\/05\/LVIP25-09-1024x576.jpg\"><img loading=\"lazy\" decoding=\"async\" width=\"1024\" height=\"576\" data-id=\"17830\" src=\"https:\/\/landesrat.hu\/wp-content\/uploads\/2025\/05\/LVIP25-09-1024x576.jpg\" alt=\"\" class=\"wp-image-17830\" srcset=\"https:\/\/landesrat.hu\/wp-content\/uploads\/2025\/05\/LVIP25-09-980x551.jpg 980w, https:\/\/landesrat.hu\/wp-content\/uploads\/2025\/05\/LVIP25-09-480x270.jpg 480w\" sizes=\"(min-width: 0px) and (max-width: 480px) 480px, (min-width: 481px) and (max-width: 980px) 980px, (min-width: 981px) 1024px, 100vw\" \/><\/a><\/figure>\n\n\n\n<figure class=\"wp-block-image size-large\"><a href=\"https:\/\/landesrat.hu\/wp-content\/uploads\/2025\/05\/LVIP25-07-1024x576.jpg\"><img loading=\"lazy\" decoding=\"async\" width=\"1024\" height=\"576\" data-id=\"17832\" src=\"https:\/\/landesrat.hu\/wp-content\/uploads\/2025\/05\/LVIP25-07-1024x576.jpg\" alt=\"\" class=\"wp-image-17832\" srcset=\"https:\/\/landesrat.hu\/wp-content\/uploads\/2025\/05\/LVIP25-07-980x551.jpg 980w, https:\/\/landesrat.hu\/wp-content\/uploads\/2025\/05\/LVIP25-07-480x270.jpg 480w\" sizes=\"(min-width: 0px) and (max-width: 480px) 480px, (min-width: 481px) and (max-width: 980px) 980px, (min-width: 981px) 1024px, 100vw\" \/><\/a><\/figure>\n\n\n\n<figure class=\"wp-block-image size-large\"><a href=\"https:\/\/landesrat.hu\/wp-content\/uploads\/2025\/05\/LVIP25-06-1024x576.jpg\"><img loading=\"lazy\" decoding=\"async\" width=\"1024\" height=\"576\" data-id=\"17840\" src=\"https:\/\/landesrat.hu\/wp-content\/uploads\/2025\/05\/LVIP25-06-1024x576.jpg\" alt=\"\" class=\"wp-image-17840\" srcset=\"https:\/\/landesrat.hu\/wp-content\/uploads\/2025\/05\/LVIP25-06-980x551.jpg 980w, https:\/\/landesrat.hu\/wp-content\/uploads\/2025\/05\/LVIP25-06-480x270.jpg 480w\" sizes=\"(min-width: 0px) and (max-width: 480px) 480px, (min-width: 481px) and (max-width: 980px) 980px, (min-width: 981px) 1024px, 100vw\" \/><\/a><\/figure>\n\n\n\n<figure class=\"wp-block-image size-large\"><a href=\"https:\/\/landesrat.hu\/wp-content\/uploads\/2025\/05\/LVIP25-03-1024x576.jpg\"><img loading=\"lazy\" decoding=\"async\" width=\"1024\" height=\"576\" data-id=\"17842\" src=\"https:\/\/landesrat.hu\/wp-content\/uploads\/2025\/05\/LVIP25-03-1024x576.jpg\" alt=\"\" class=\"wp-image-17842\" srcset=\"https:\/\/landesrat.hu\/wp-content\/uploads\/2025\/05\/LVIP25-03-980x551.jpg 980w, https:\/\/landesrat.hu\/wp-content\/uploads\/2025\/05\/LVIP25-03-480x270.jpg 480w\" sizes=\"(min-width: 0px) and (max-width: 480px) 480px, (min-width: 481px) and (max-width: 980px) 980px, (min-width: 981px) 1024px, 100vw\" \/><\/a><\/figure>\n\n\n\n<figure class=\"wp-block-image size-large\"><a href=\"https:\/\/landesrat.hu\/wp-content\/uploads\/2025\/05\/LVIP25-08.jpg\"><img loading=\"lazy\" decoding=\"async\" width=\"1025\" height=\"800\" data-id=\"17828\" src=\"https:\/\/landesrat.hu\/wp-content\/uploads\/2025\/05\/LVIP25-08.jpg\" alt=\"\" class=\"wp-image-17828\" srcset=\"https:\/\/landesrat.hu\/wp-content\/uploads\/2025\/05\/LVIP25-08.jpg 1025w, https:\/\/landesrat.hu\/wp-content\/uploads\/2025\/05\/LVIP25-08-980x765.jpg 980w, https:\/\/landesrat.hu\/wp-content\/uploads\/2025\/05\/LVIP25-08-480x375.jpg 480w\" sizes=\"(min-width: 0px) and (max-width: 480px) 480px, (min-width: 481px) and (max-width: 980px) 980px, (min-width: 981px) 1025px, 100vw\" \/><\/a><\/figure>\n\n\n\n<figure class=\"wp-block-image size-large\"><a href=\"https:\/\/landesrat.hu\/wp-content\/uploads\/2025\/05\/LVIP25-01-1024x349.jpg\"><img loading=\"lazy\" decoding=\"async\" width=\"1024\" height=\"349\" data-id=\"17846\" src=\"https:\/\/landesrat.hu\/wp-content\/uploads\/2025\/05\/LVIP25-01-1024x349.jpg\" alt=\"\" class=\"wp-image-17846\" srcset=\"https:\/\/landesrat.hu\/wp-content\/uploads\/2025\/05\/LVIP25-01-980x334.jpg 980w, https:\/\/landesrat.hu\/wp-content\/uploads\/2025\/05\/LVIP25-01-480x164.jpg 480w\" sizes=\"(min-width: 0px) and (max-width: 480px) 480px, (min-width: 481px) and (max-width: 980px) 980px, (min-width: 981px) 1024px, 100vw\" \/><\/a><\/figure>\n<\/figure>\n","protected":false},"excerpt":{"rendered":"<p>Respekt, Dankbarkeit, Wertsch\u00e4tzung: Das waren die Gef\u00fchle, die die Atmosph\u00e4re des festlichen Mittagessens am 22. April bestimmten, an dem erneut charismatische Pers\u00f6nlichkeiten und engagierte Amtstr\u00e4ger des Landesrats teilnahmen. Es war [&hellip;]<\/p>\n","protected":false},"author":7,"featured_media":5460,"comment_status":"closed","ping_status":"closed","sticky":false,"template":"","format":"standard","meta":{"_et_pb_use_builder":"","_et_pb_old_content":"","_et_gb_content_width":"","inline_featured_image":false,"footnotes":""},"categories":[103],"tags":[],"_links":{"self":[{"href":"https:\/\/landesrat.hu\/de\/wp-json\/wp\/v2\/posts\/17852"}],"collection":[{"href":"https:\/\/landesrat.hu\/de\/wp-json\/wp\/v2\/posts"}],"about":[{"href":"https:\/\/landesrat.hu\/de\/wp-json\/wp\/v2\/types\/post"}],"author":[{"embeddable":true,"href":"https:\/\/landesrat.hu\/de\/wp-json\/wp\/v2\/users\/7"}],"replies":[{"embeddable":true,"href":"https:\/\/landesrat.hu\/de\/wp-json\/wp\/v2\/comments?post=17852"}],"version-history":[{"count":3,"href":"https:\/\/landesrat.hu\/de\/wp-json\/wp\/v2\/posts\/17852\/revisions"}],"predecessor-version":[{"id":17855,"href":"https:\/\/landesrat.hu\/de\/wp-json\/wp\/v2\/posts\/17852\/revisions\/17855"}],"wp:featuredmedia":[{"embeddable":true,"href":"https:\/\/landesrat.hu\/de\/wp-json\/wp\/v2\/media\/5460"}],"wp:attachment":[{"href":"https:\/\/landesrat.hu\/de\/wp-json\/wp\/v2\/media?parent=17852"}],"wp:term":[{"taxonomy":"category","embeddable":true,"href":"https:\/\/landesrat.hu\/de\/wp-json\/wp\/v2\/categories?post=17852"},{"taxonomy":"post_tag","embeddable":true,"href":"https:\/\/landesrat.hu\/de\/wp-json\/wp\/v2\/tags?post=17852"}],"curies":[{"name":"wp","href":"https:\/\/api.w.org\/{rel}","templated":true}]}}