{"id":15919,"date":"2024-08-07T05:30:14","date_gmt":"2024-08-07T03:30:14","guid":{"rendered":"https:\/\/landesrat.hu\/am-anfang-august-die-jao-blasmusikwoche-in-der-burg-von-petschwar\/"},"modified":"2024-10-06T05:31:49","modified_gmt":"2024-10-06T03:31:49","slug":"am-anfang-august-die-jao-blasmusikwoche-in-der-burg-von-petschwar","status":"publish","type":"post","link":"https:\/\/landesrat.hu\/de\/am-anfang-august-die-jao-blasmusikwoche-in-der-burg-von-petschwar\/","title":{"rendered":"Am Anfang August die \u201eJAO Blasmusikwoche\u201c in der Burg von Petschwar"},"content":{"rendered":"\n<div class=\"wp-block-columns is-layout-flex wp-container-core-columns-layout-1 wp-block-columns-is-layout-flex\">\n<div class=\"wp-block-column is-layout-flow wp-block-column-is-layout-flow\">\n<div class=\"wp-block-buttons is-content-justification-right is-layout-flex wp-block-buttons-is-layout-flex\">\n<div class=\"wp-block-button galeria-gomb\"><a class=\"wp-block-button__link\" href=\"#galeria\">Galeria<\/a><\/div>\n<\/div>\n<\/div>\n<\/div>\n\n<p>Wer Anfang August in der Umgebung der Burg von Petschwar unterwegs war, mag sich gefragt haben, was in der Burg los ist, da man die ganze Woche \u00fcber so sch\u00f6ne Musik h\u00f6ren konnte.<\/p>\n\n<p><p><span class=\"TextRun SCXW159248724 BCX0\" lang=\"DE-DE\" xml:lang=\"DE-DE\" data-contrast=\"none\"><span class=\"NormalTextRun SCXW159248724 BCX0\">Die Frage war berechtigt, denn <\/span><\/span><span class=\"TextRun MacChromeBold SCXW159248724 BCX0\" lang=\"DE-DE\" xml:lang=\"DE-DE\" data-contrast=\"none\"><span class=\"NormalTextRun SCXW159248724 BCX0\">die <\/span><span class=\"NormalTextRun SCXW159248724 BCX0\">Blasmusiksektion<\/span><span class=\"NormalTextRun SCXW159248724 BCX0\"> des Landesrats organisierte vom 29. Juli bis zum 4. August die <\/span><span class=\"NormalTextRun SCXW159248724 BCX0\">\u201e<\/span><span class=\"NormalTextRun SCXW159248724 BCX0\">JAO Blasmusikwoche\u201c in der Burg von <\/span><span class=\"NormalTextRun SpellingErrorV2Themed SCXW159248724 BCX0\">Petschwar<\/span><\/span><span class=\"TextRun SCXW159248724 BCX0\" lang=\"DE-DE\" xml:lang=\"DE-DE\" data-contrast=\"none\"><span class=\"NormalTextRun SCXW159248724 BCX0\">.<\/span><\/span><span class=\"EOP SCXW159248724 BCX0\" data-ccp-props=\"{&quot;335572071&quot;:0,&quot;335572072&quot;:0,&quot;335572073&quot;:0,&quot;335572075&quot;:0,&quot;335572076&quot;:0,&quot;335572077&quot;:0,&quot;335572079&quot;:0,&quot;335572080&quot;:0,&quot;335572081&quot;:0,&quot;335572083&quot;:0,&quot;335572084&quot;:0,&quot;335572085&quot;:0,&quot;335572087&quot;:0,&quot;335572088&quot;:0,&quot;335572089&quot;:0,&quot;469789798&quot;:&quot;nil&quot;,&quot;469789802&quot;:&quot;nil&quot;,&quot;469789806&quot;:&quot;nil&quot;,&quot;469789810&quot;:&quot;nil&quot;,&quot;469789814&quot;:&quot;nil&quot;}\">\u00a0<\/span><\/p><\/p>\n\n<p>Die Fachwoche, die sich vor allem an 12- bis 24-J\u00e4hrige richtet, ist ein fester Bestandteil des Ausbildungssystems des Landesrats, das gro\u00dfen Wert auf die Entwicklung der blasmusikalischen F\u00e4higkeiten junger Ungarndeutschen und die Fortbildung der Nachwuchsmusiker legt. Das Camp richtete sich in erster Linie an Jugendliche, die bereits die Grundlagen beherrschen und in ungarndeutschen Blaskapellen aktiv sind.<\/p>\n\n<p><p><span class=\"TextRun SCXW83128222 BCX0\" lang=\"DE-DE\" xml:lang=\"DE-DE\" data-contrast=\"none\"><span class=\"NormalTextRun SCXW83128222 BCX0\">Das musikalische Fachniveau wurde von den Leitern des Lagers, <\/span><\/span><span class=\"TextRun MacChromeBold SCXW83128222 BCX0\" lang=\"DE-DE\" xml:lang=\"DE-DE\" data-contrast=\"none\"><span class=\"NormalTextRun SCXW83128222 BCX0\">Bal\u00e1zs Kozek, dem <\/span><span class=\"NormalTextRun SCXW83128222 BCX0\">Vorsitzende<\/span><span class=\"NormalTextRun SCXW83128222 BCX0\">n der Sektion f\u00fcr Kleinkapellen<\/span><span class=\"NormalTextRun SCXW83128222 BCX0\"> des Landesrates<\/span><\/span><span class=\"TextRun SCXW83128222 BCX0\" lang=\"DE-DE\" xml:lang=\"DE-DE\" data-contrast=\"none\"><span class=\"NormalTextRun SCXW83128222 BCX0\">, und <\/span><\/span><span class=\"TextRun MacChromeBold SCXW83128222 BCX0\" lang=\"DE-DE\" xml:lang=\"DE-DE\" data-contrast=\"none\"><span class=\"NormalTextRun SpellingErrorV2Themed SCXW83128222 BCX0\">S\u00e1ndor<\/span> <span class=\"NormalTextRun SpellingErrorV2Themed SCXW83128222 BCX0\">Kasz\u00e1s<\/span><span class=\"NormalTextRun SCXW83128222 BCX0\">, dem <\/span><span class=\"NormalTextRun SCXW83128222 BCX0\">Vorsitzende<\/span><span class=\"NormalTextRun SCXW83128222 BCX0\">n<\/span><span class=\"NormalTextRun SCXW83128222 BCX0\"> der <\/span><span class=\"NormalTextRun SCXW83128222 BCX0\">Blasmusiksektion<\/span><\/span><span class=\"TextRun SCXW83128222 BCX0\" lang=\"NL-NL\" xml:lang=\"NL-NL\" data-contrast=\"none\"><span class=\"NormalTextRun SCXW83128222 BCX0\">, <\/span><span class=\"NormalTextRun SpellingErrorV2Themed SCXW83128222 BCX0\">gepr<\/span><\/span><span class=\"TextRun SCXW83128222 BCX0\" lang=\"DE-DE\" xml:lang=\"DE-DE\" data-contrast=\"none\"><span class=\"NormalTextRun SpellingErrorV2Themed SCXW83128222 BCX0\">\u00e4gt<\/span><span class=\"NormalTextRun SCXW83128222 BCX0\">.<\/span><\/span><\/p><\/p>\n\n<p>Am ersten Tag des Lagers wurden die musikalischen Kenntnisse der Jugendlichen beurteilt, die Ensembles zusammengestellt und die St\u00fccke entsprechend ausgew\u00e4hlt. In den ersten Proben stimmten man sich mit k\u00fcrzeren, leichteren Polkas ein, und am dritten Tag, als die Kapelle bereits eingespielt war, begannen die Musiker, die schwierigeren St\u00fccke zu lernen. Durch kontinuierliche Proben, die mehrmals t\u00e4glich stattfanden, verfeinerten sie ihre Instrumentaltechnik, die Orchesterharmonien und erlernten die Elemente einer niveauvollen Auff\u00fchrung.<\/p>\n\n<p><p><span class=\"TextRun SCXW211975172 BCX0\" lang=\"DE-DE\" xml:lang=\"DE-DE\" data-contrast=\"none\"><span class=\"NormalTextRun SCXW211975172 BCX0\">W\u00e4hrend der Woche lernten die k\u00fcnftigen ungarndeutschen Musiker insgesamt <\/span><\/span><span class=\"TextRun MacChromeBold SCXW211975172 BCX0\" lang=\"DE-DE\" xml:lang=\"DE-DE\" data-contrast=\"none\"><span class=\"NormalTextRun SCXW211975172 BCX0\">zehn Musikwerke<\/span><span class=\"NormalTextRun SCXW211975172 BCX0\"> und drei <\/span><span class=\"NormalTextRun SCXW211975172 BCX0\">Kirchenmusikst\u00fccke<\/span><\/span><span class=\"TextRun SCXW211975172 BCX0\" lang=\"DE-DE\" xml:lang=\"DE-DE\" data-contrast=\"none\"><span class=\"NormalTextRun SCXW211975172 BCX0\">.<\/span><\/span> <span class=\"TextRun SCXW211975172 BCX0\" lang=\"DE-DE\" xml:lang=\"DE-DE\" data-contrast=\"none\"><span class=\"NormalTextRun SCXW211975172 BCX0\">Die Woche wurde mit dem <\/span><\/span><span class=\"TextRun MacChromeBold SCXW211975172 BCX0\" lang=\"DE-DE\" xml:lang=\"DE-DE\" data-contrast=\"none\"><span class=\"NormalTextRun SCXW211975172 BCX0\">vom <\/span><span class=\"NormalTextRun SpellingErrorV2Themed SCXW211975172 BCX0\">Petschwarer<\/span><span class=\"NormalTextRun SCXW211975172 BCX0\"> D<\/span><span class=\"NormalTextRun SCXW211975172 BCX0\">eutschen Nationalit<\/span><span class=\"NormalTextRun SCXW211975172 BCX0\">\u00e4tenselbstverwaltung<\/span><\/span><span class=\"TextRun SCXW211975172 BCX0\" lang=\"DE-DE\" xml:lang=\"DE-DE\" data-contrast=\"none\"><span class=\"NormalTextRun SCXW211975172 BCX0\"> organisierten <\/span><\/span><span class=\"TextRun MacChromeBold SCXW211975172 BCX0\" lang=\"DE-DE\" xml:lang=\"DE-DE\" data-contrast=\"none\"><span class=\"NormalTextRun SpellingErrorV2Themed SCXW211975172 BCX0\">Sp\u00e4<\/span><\/span><span class=\"TextRun MacChromeBold SCXW211975172 BCX0\" lang=\"NL-NL\" xml:lang=\"NL-NL\" data-contrast=\"none\"><span class=\"NormalTextRun SpellingErrorV2Themed SCXW211975172 BCX0\">tschoppen<\/span> <\/span><span class=\"TextRun SCXW211975172 BCX0\" lang=\"NL-NL\" xml:lang=\"NL-NL\" data-contrast=\"none\"><span class=\"NormalTextRun SpellingErrorV2Themed SCXW211975172 BCX0\">gekr<\/span><\/span><span class=\"TextRun SCXW211975172 BCX0\" lang=\"SV-SE\" xml:lang=\"SV-SE\" data-contrast=\"none\"><span class=\"NormalTextRun SCXW211975172 BCX0\">\u00f6<\/span><\/span><span class=\"TextRun SCXW211975172 BCX0\" lang=\"DE-DE\" xml:lang=\"DE-DE\" data-contrast=\"none\"><span class=\"NormalTextRun SpellingErrorV2Themed SCXW211975172 BCX0\">nt<\/span><span class=\"NormalTextRun SCXW211975172 BCX0\">. Die <\/span><\/span><span class=\"TextRun MacChromeBold SCXW211975172 BCX0\" lang=\"DE-DE\" xml:lang=\"DE-DE\" data-contrast=\"none\"><span class=\"NormalTextRun SCXW211975172 BCX0\">Jugendblaskapelle wurde als eine Besonderheit der Veranstaltung anmoderiert<\/span><\/span><span class=\"TextRun SCXW211975172 BCX0\" lang=\"DE-DE\" xml:lang=\"DE-DE\" data-contrast=\"none\"><span class=\"NormalTextRun SCXW211975172 BCX0\">. Obwohl das Wetter den Organisatoren und den G\u00e4sten einen Strich durch die Rechnung machte, waren viele neugierig auf das <\/span><\/span><span class=\"TextRun MacChromeBold SCXW211975172 BCX0\" lang=\"DE-DE\" xml:lang=\"DE-DE\" data-contrast=\"none\"><span class=\"NormalTextRun SCXW211975172 BCX0\">Konzert des Jugendblasorchesters unter der Leitung von Bal<\/span><span class=\"NormalTextRun SCXW211975172 BCX0\">\u00e1zs Kozek<\/span><\/span><span class=\"TextRun SCXW211975172 BCX0\" lang=\"DE-DE\" xml:lang=\"DE-DE\" data-contrast=\"none\"><span class=\"NormalTextRun SCXW211975172 BCX0\">, das mit viel Beifall bedacht wurde.<\/span><\/span><\/p><\/p>\n\n<p><p><span class=\"TextRun SCXW222223098 BCX0\" lang=\"NL-NL\" xml:lang=\"NL-NL\" data-contrast=\"none\"><span class=\"NormalTextRun SCXW222223098 BCX0\">Als <\/span><\/span><span class=\"TextRun SCXW222223098 BCX0\" lang=\"DE-DE\" xml:lang=\"DE-DE\" data-contrast=\"none\"><span class=\"NormalTextRun SCXW222223098 BCX0\">Ehrengast war auch ein in Landesratskreisen bekannter Experte anwesend. <\/span><\/span><span class=\"TextRun MacChromeBold SCXW222223098 BCX0\" lang=\"DE-DE\" xml:lang=\"DE-DE\" data-contrast=\"none\"><span class=\"NormalTextRun SCXW222223098 BCX0\">J<\/span><\/span><span class=\"TextRun MacChromeBold SCXW222223098 BCX0\" lang=\"ES-ES\" xml:lang=\"ES-ES\" data-contrast=\"none\"><span class=\"NormalTextRun SpellingErrorV2Themed SCXW222223098 BCX0\">\u00f3<\/span><\/span><span class=\"TextRun MacChromeBold SCXW222223098 BCX0\" lang=\"DE-DE\" xml:lang=\"DE-DE\" data-contrast=\"none\"><span class=\"NormalTextRun SpellingErrorV2Themed SCXW222223098 BCX0\">zsef<\/span> <span class=\"NormalTextRun SpellingErrorV2Themed SCXW222223098 BCX0\">Apazeller<\/span><\/span><span class=\"TextRun SCXW222223098 BCX0\" lang=\"DE-DE\" xml:lang=\"DE-DE\" data-contrast=\"none\"><span class=\"NormalTextRun SCXW222223098 BCX0\">, ein bekannter Musik<\/span><\/span><span class=\"TextRun SCXW222223098 BCX0\" lang=\"ES-ES\" xml:lang=\"ES-ES\" data-contrast=\"none\"><span class=\"NormalTextRun SCXW222223098 BCX0\">experte, <\/span><\/span><span class=\"TextRun SCXW222223098 BCX0\" lang=\"DE-DE\" xml:lang=\"DE-DE\" data-contrast=\"none\"><span class=\"NormalTextRun SCXW222223098 BCX0\">w\u00fcrdigte das Konzert.<\/span><\/span><\/p><\/p>\n\n<p><p><span class=\"TextRun SCXW67940042 BCX0\" lang=\"DE-DE\" xml:lang=\"DE-DE\" data-contrast=\"none\"><span class=\"NormalTextRun SCXW67940042 BCX0\">Er erinnerte sich mit Freude an die Anf\u00e4nge des Landesrates, als er und Josef <\/span><span class=\"NormalTextRun SpellingErrorV2Themed SCXW67940042 BCX0\">B\u00e1<\/span><span class=\"NormalTextRun SpellingErrorV2Themed SCXW67940042 BCX0\">ling<\/span><span class=\"NormalTextRun SCXW67940042 BCX0\"> 1996 <\/span><span class=\"NormalTextRun SCXW67940042 BCX0\">die Organisation gr\u00fcndeten, und <\/span><\/span><span class=\"TextRun MacChromeBold SCXW67940042 BCX0\" lang=\"DE-DE\" xml:lang=\"DE-DE\" data-contrast=\"none\"><span class=\"NormalTextRun SCXW67940042 BCX0\">sehe<\/span><span class=\"NormalTextRun SCXW67940042 BCX0\"> nun eine der Fr<\/span><span class=\"NormalTextRun SCXW67940042 BCX0\">\u00fc<\/span><span class=\"NormalTextRun SCXW67940042 BCX0\">chte dieser edlen Initiative zum Tragen kommen<\/span><\/span><span class=\"TextRun SCXW67940042 BCX0\" lang=\"DE-DE\" xml:lang=\"DE-DE\" data-contrast=\"none\"><span class=\"NormalTextRun SCXW67940042 BCX0\">. Er lobte die Leistung der jungen Menschen, die sie trotz ihrer <\/span><span class=\"NormalTextRun SCXW67940042 BCX0\">unterschiedlichen musikalischen F\u00e4higkeiten, in einer Woche erreichten. Er ist zuversichtlich, dass das Camp eine Zukunft haben wird, in der die jungen Menschen zusammenbleiben, Freundschaften geschlossen werden und <\/span><\/span><span class=\"TextRun MacChromeBold SCXW67940042 BCX0\" lang=\"DE-DE\" xml:lang=\"DE-DE\" data-contrast=\"none\"><span class=\"NormalTextRun SCXW67940042 BCX0\">die verbindende Kraft einer gemeinsamen musikalischen Erfahrung langfristig von Bedeutung ist.<\/span><\/span><\/p><\/p>\n\n<p><p><span class=\"TextRun MacChromeBold SCXW72238528 BCX0\" lang=\"DE-DE\" xml:lang=\"DE-DE\" data-contrast=\"none\"><span class=\"NormalTextRun SCXW72238528 BCX0\">Besonders hob er<\/span><span class=\"NormalTextRun SCXW72238528 BCX0\"> den Dirigenten, <\/span><span class=\"NormalTextRun SpellingErrorV2Themed SCXW72238528 BCX0\">Bal\u00e1<\/span><\/span><span class=\"TextRun MacChromeBold SCXW72238528 BCX0\" lang=\"NL-NL\" xml:lang=\"NL-NL\" data-contrast=\"none\"><span class=\"NormalTextRun SpellingErrorV2Themed SCXW72238528 BCX0\">zs<\/span> <span class=\"NormalTextRun SpellingErrorV2Themed SCXW72238528 BCX0\">Kozek<\/span><span class=\"NormalTextRun SCXW72238528 BCX0\">, <\/span><span class=\"NormalTextRun SpellingErrorV2Themed SCXW72238528 BCX0\">hervor<\/span><span class=\"NormalTextRun SCXW72238528 BCX0\">, <\/span><\/span><span class=\"TextRun MacChromeBold SCXW72238528 BCX0\" lang=\"DE-DE\" xml:lang=\"DE-DE\" data-contrast=\"none\"><span class=\"NormalTextRun SCXW72238528 BCX0\">der mit seinem<\/span><span class=\"NormalTextRun SCXW72238528 BCX0\"> Orchester die schw<\/span><span class=\"NormalTextRun SCXW72238528 BCX0\">\u00e4<\/span><span class=\"NormalTextRun SCXW72238528 BCX0\">bische Musikkultur authentisch repr<\/span><span class=\"NormalTextRun SCXW72238528 BCX0\">\u00e4<\/span><span class=\"NormalTextRun SCXW72238528 BCX0\">sentiert.<\/span><\/span><span class=\"TextRun SCXW72238528 BCX0\" lang=\"DE-DE\" xml:lang=\"DE-DE\" data-contrast=\"none\"><span class=\"NormalTextRun SCXW72238528 BCX0\"> Als Juryvorsitzender bei den Qualifikationen der Blaskapellen hat er Einblick in die Programme des Landesrates und kennt die Kapellen, die diese Tradition in authentischer Form fortf\u00fchren.<\/span><\/span><\/p><\/p>\n\n<p><p><span class=\"TextRun SCXW268033284 BCX0\" lang=\"DE-DE\" xml:lang=\"DE-DE\" data-contrast=\"none\"><span class=\"NormalTextRun SCXW268033284 BCX0\">Anschlie\u00dfend sprach er \u00fcber die einmalige Chance, die das <\/span><\/span><span class=\"TextRun MacChromeBold SCXW268033284 BCX0\" lang=\"DE-DE\" xml:lang=\"DE-DE\" data-contrast=\"none\"><span class=\"NormalTextRun SCXW268033284 BCX0\">Ungarndeutsche Notenarchiv in <\/span><span class=\"NormalTextRun SpellingErrorV2Themed SCXW268033284 BCX0\">Wemend<\/span><\/span><span class=\"TextRun MacChromeBold SCXW268033284 BCX0\" lang=\"IT-IT\" xml:lang=\"IT-IT\" data-contrast=\"none\"><span class=\"NormalTextRun SCXW268033284 BCX0\"> (<\/span><span class=\"NormalTextRun SpellingErrorV2Themed SCXW268033284 BCX0\">UniW<\/span><span class=\"NormalTextRun SCXW268033284 BCX0\">)<\/span><\/span><span class=\"TextRun SCXW268033284 BCX0\" lang=\"DE-DE\" xml:lang=\"DE-DE\" data-contrast=\"none\"><span class=\"NormalTextRun SCXW268033284 BCX0\">, eine Notensammlung, die der B\u00fcroleiter des <\/span><span class=\"NormalTextRun SCXW268033284 BCX0\">Landesrates, J\u00e1nos Hahn, seit 1979 \u00fcberwiegend von <\/span><span class=\"NormalTextRun SpellingErrorV2Themed SCXW268033284 BCX0\">Dachb<\/span><\/span><span class=\"TextRun SCXW268033284 BCX0\" lang=\"SV-SE\" xml:lang=\"SV-SE\" data-contrast=\"none\"><span class=\"NormalTextRun SCXW268033284 BCX0\">\u00f6<\/span><\/span><span class=\"TextRun SCXW268033284 BCX0\" lang=\"DE-DE\" xml:lang=\"DE-DE\" data-contrast=\"none\"><span class=\"NormalTextRun SCXW268033284 BCX0\">den gerettet hat, f\u00fcr die Menschen in der Region, bietet.<\/span><\/span><\/p><\/p>\n\n<p><p data-ccp-border-bottom=\"0px none #000000\" data-ccp-padding-bottom=\"0px\" data-ccp-border-between=\"0px none #000000\" data-ccp-padding-between=\"0px\"><b><span data-contrast=\"none\">\u00f3<\/span><\/b><b><span data-contrast=\"none\">zsef Apaceller <\/span><\/b><span data-contrast=\"none\">betonte, dass man heute, im Vergleich zu der Situation vor 28 Jahren, \u00fcber mehr Mittel verf\u00fcgt, da damals die Kapellen keine Noten hatten, aber heute die Beschaffung authentischer Noten wesentlich leichter und der Zugang zu Materialien f\u00fcr die Orchester im ganzen Land gew\u00e4hrleistet sei. Er begl\u00fcckw\u00fcnschte das Orchester und hofft, dass es noch viele Jahre lang Musiker <\/span><span data-contrast=\"none\">in gro<\/span><span data-contrast=\"none\">\u00dfer Zahl an der Woche teilnehmen werden.<\/span><span data-ccp-props=\"{&quot;335572071&quot;:0,&quot;335572072&quot;:0,&quot;335572073&quot;:0,&quot;335572075&quot;:0,&quot;335572076&quot;:0,&quot;335572077&quot;:0,&quot;335572079&quot;:0,&quot;335572080&quot;:0,&quot;335572081&quot;:0,&quot;335572083&quot;:0,&quot;335572084&quot;:0,&quot;335572085&quot;:0,&quot;335572087&quot;:0,&quot;335572088&quot;:0,&quot;335572089&quot;:0,&quot;469789798&quot;:&quot;nil&quot;,&quot;469789802&quot;:&quot;nil&quot;,&quot;469789806&quot;:&quot;nil&quot;,&quot;469789810&quot;:&quot;nil&quot;,&quot;469789814&quot;:&quot;nil&quot;}\">\u00a0<\/span><\/p><\/p>\n\n<p>Die Fortbildungswoche wurde gef\u00f6rdert durch das Bundesministerium des Innern und f\u00fcr Heimat (BMI), die Landesselbstverwaltung der Ungarndeutschen (LdU) und die Regierung Ungarns.<\/p>\n\n<h2 class=\"wp-block-heading\" id=\"galeria\">Galerie<\/h2>\n\n<figure class=\"wp-block-gallery has-nested-images columns-default is-cropped wp-block-gallery-1 is-layout-flex wp-block-gallery-is-layout-flex\">\n<figure class=\"wp-block-image size-large\"><a href=\"https:\/\/landesrat.hu\/wp-content\/uploads\/2024\/09\/LJAO24-01-1024x768.jpeg\" target=\"_blank\" rel=\"noopener\"><img loading=\"lazy\" decoding=\"async\" width=\"1024\" height=\"768\" data-id=\"15879\" src=\"https:\/\/landesrat.hu\/wp-content\/uploads\/2024\/09\/LJAO24-01-1024x768.jpeg\" alt=\"\" class=\"wp-image-15879\" srcset=\"https:\/\/landesrat.hu\/wp-content\/uploads\/2024\/09\/LJAO24-01-1024x768.jpeg 1024w, https:\/\/landesrat.hu\/wp-content\/uploads\/2024\/09\/LJAO24-01-980x735.jpeg 980w, https:\/\/landesrat.hu\/wp-content\/uploads\/2024\/09\/LJAO24-01-480x360.jpeg 480w\" sizes=\"(min-width: 0px) and (max-width: 480px) 480px, (min-width: 481px) and (max-width: 980px) 980px, (min-width: 981px) 1024px, 100vw\" \/><\/a><\/figure>\n\n\n\n<figure class=\"wp-block-image size-large\"><a href=\"https:\/\/landesrat.hu\/wp-content\/uploads\/2024\/09\/LJAO24-02-1024x768.jpeg\" target=\"_blank\" rel=\"noopener\"><img loading=\"lazy\" decoding=\"async\" width=\"1024\" height=\"768\" data-id=\"15877\" src=\"https:\/\/landesrat.hu\/wp-content\/uploads\/2024\/09\/LJAO24-02-1024x768.jpeg\" alt=\"\" class=\"wp-image-15877\" srcset=\"https:\/\/landesrat.hu\/wp-content\/uploads\/2024\/09\/LJAO24-02-1024x768.jpeg 1024w, https:\/\/landesrat.hu\/wp-content\/uploads\/2024\/09\/LJAO24-02-980x735.jpeg 980w, https:\/\/landesrat.hu\/wp-content\/uploads\/2024\/09\/LJAO24-02-480x360.jpeg 480w\" sizes=\"(min-width: 0px) and (max-width: 480px) 480px, (min-width: 481px) and (max-width: 980px) 980px, (min-width: 981px) 1024px, 100vw\" \/><\/a><\/figure>\n\n\n\n<figure class=\"wp-block-image size-large\"><a href=\"https:\/\/landesrat.hu\/wp-content\/uploads\/2024\/09\/LJAO24-03-1024x768.jpeg\" target=\"_blank\" rel=\"noopener\"><img loading=\"lazy\" decoding=\"async\" width=\"1024\" height=\"768\" data-id=\"15857\" src=\"https:\/\/landesrat.hu\/wp-content\/uploads\/2024\/09\/LJAO24-03-1024x768.jpeg\" alt=\"\" class=\"wp-image-15857\" srcset=\"https:\/\/landesrat.hu\/wp-content\/uploads\/2024\/09\/LJAO24-03-1024x768.jpeg 1024w, https:\/\/landesrat.hu\/wp-content\/uploads\/2024\/09\/LJAO24-03-980x735.jpeg 980w, https:\/\/landesrat.hu\/wp-content\/uploads\/2024\/09\/LJAO24-03-480x360.jpeg 480w\" sizes=\"(min-width: 0px) and (max-width: 480px) 480px, (min-width: 481px) and (max-width: 980px) 980px, (min-width: 981px) 1024px, 100vw\" \/><\/a><\/figure>\n\n\n\n<figure class=\"wp-block-image size-large\"><a href=\"https:\/\/landesrat.hu\/wp-content\/uploads\/2024\/09\/LJAO24-04-1024x768.jpeg\" target=\"_blank\" rel=\"noopener\"><img loading=\"lazy\" decoding=\"async\" width=\"1024\" height=\"768\" data-id=\"15865\" src=\"https:\/\/landesrat.hu\/wp-content\/uploads\/2024\/09\/LJAO24-04-1024x768.jpeg\" alt=\"\" class=\"wp-image-15865\" srcset=\"https:\/\/landesrat.hu\/wp-content\/uploads\/2024\/09\/LJAO24-04-1024x768.jpeg 1024w, https:\/\/landesrat.hu\/wp-content\/uploads\/2024\/09\/LJAO24-04-980x735.jpeg 980w, https:\/\/landesrat.hu\/wp-content\/uploads\/2024\/09\/LJAO24-04-480x360.jpeg 480w\" sizes=\"(min-width: 0px) and (max-width: 480px) 480px, (min-width: 481px) and (max-width: 980px) 980px, (min-width: 981px) 1024px, 100vw\" \/><\/a><\/figure>\n\n\n\n<figure class=\"wp-block-image size-large\"><a href=\"https:\/\/landesrat.hu\/wp-content\/uploads\/2024\/09\/LJAO24-05-1024x768.jpeg\" target=\"_blank\" rel=\"noopener\"><img loading=\"lazy\" decoding=\"async\" width=\"1024\" height=\"768\" data-id=\"15863\" src=\"https:\/\/landesrat.hu\/wp-content\/uploads\/2024\/09\/LJAO24-05-1024x768.jpeg\" alt=\"\" class=\"wp-image-15863\" srcset=\"https:\/\/landesrat.hu\/wp-content\/uploads\/2024\/09\/LJAO24-05-1024x768.jpeg 1024w, https:\/\/landesrat.hu\/wp-content\/uploads\/2024\/09\/LJAO24-05-980x735.jpeg 980w, https:\/\/landesrat.hu\/wp-content\/uploads\/2024\/09\/LJAO24-05-480x360.jpeg 480w\" sizes=\"(min-width: 0px) and (max-width: 480px) 480px, (min-width: 481px) and (max-width: 980px) 980px, (min-width: 981px) 1024px, 100vw\" \/><\/a><\/figure>\n\n\n\n<figure class=\"wp-block-image size-large\"><a href=\"https:\/\/landesrat.hu\/wp-content\/uploads\/2024\/09\/LJAO24-06-1024x768.jpeg\" target=\"_blank\" rel=\"noopener\"><img loading=\"lazy\" decoding=\"async\" width=\"1024\" height=\"768\" data-id=\"15847\" src=\"https:\/\/landesrat.hu\/wp-content\/uploads\/2024\/09\/LJAO24-06-1024x768.jpeg\" alt=\"\" class=\"wp-image-15847\" srcset=\"https:\/\/landesrat.hu\/wp-content\/uploads\/2024\/09\/LJAO24-06-1024x768.jpeg 1024w, https:\/\/landesrat.hu\/wp-content\/uploads\/2024\/09\/LJAO24-06-980x735.jpeg 980w, https:\/\/landesrat.hu\/wp-content\/uploads\/2024\/09\/LJAO24-06-480x360.jpeg 480w\" sizes=\"(min-width: 0px) and (max-width: 480px) 480px, (min-width: 481px) and (max-width: 980px) 980px, (min-width: 981px) 1024px, 100vw\" \/><\/a><\/figure>\n\n\n\n<figure class=\"wp-block-image size-large\"><a href=\"https:\/\/landesrat.hu\/wp-content\/uploads\/2024\/09\/LJAO24-07-1024x768.jpg\" target=\"_blank\" rel=\"noopener\"><img loading=\"lazy\" decoding=\"async\" width=\"1024\" height=\"768\" data-id=\"15845\" src=\"https:\/\/landesrat.hu\/wp-content\/uploads\/2024\/09\/LJAO24-07-1024x768.jpg\" alt=\"\" class=\"wp-image-15845\" srcset=\"https:\/\/landesrat.hu\/wp-content\/uploads\/2024\/09\/LJAO24-07-1024x768.jpg 1024w, https:\/\/landesrat.hu\/wp-content\/uploads\/2024\/09\/LJAO24-07-980x735.jpg 980w, https:\/\/landesrat.hu\/wp-content\/uploads\/2024\/09\/LJAO24-07-480x360.jpg 480w\" sizes=\"(min-width: 0px) and (max-width: 480px) 480px, (min-width: 481px) and (max-width: 980px) 980px, (min-width: 981px) 1024px, 100vw\" \/><\/a><\/figure>\n\n\n\n<figure class=\"wp-block-image size-large\"><a href=\"https:\/\/landesrat.hu\/wp-content\/uploads\/2024\/09\/LJAO24-08-1024x768.jpg\" target=\"_blank\" rel=\"noopener\"><img loading=\"lazy\" decoding=\"async\" width=\"1024\" height=\"768\" data-id=\"15861\" src=\"https:\/\/landesrat.hu\/wp-content\/uploads\/2024\/09\/LJAO24-08-1024x768.jpg\" alt=\"\" class=\"wp-image-15861\" srcset=\"https:\/\/landesrat.hu\/wp-content\/uploads\/2024\/09\/LJAO24-08-1024x768.jpg 1024w, https:\/\/landesrat.hu\/wp-content\/uploads\/2024\/09\/LJAO24-08-980x735.jpg 980w, https:\/\/landesrat.hu\/wp-content\/uploads\/2024\/09\/LJAO24-08-480x360.jpg 480w\" sizes=\"(min-width: 0px) and (max-width: 480px) 480px, (min-width: 481px) and (max-width: 980px) 980px, (min-width: 981px) 1024px, 100vw\" \/><\/a><\/figure>\n\n\n\n<figure class=\"wp-block-image size-large\"><a href=\"https:\/\/landesrat.hu\/wp-content\/uploads\/2024\/09\/LJAO24-09-1024x683.jpg\" target=\"_blank\" rel=\"noopener\"><img loading=\"lazy\" decoding=\"async\" width=\"1024\" height=\"683\" data-id=\"15875\" src=\"https:\/\/landesrat.hu\/wp-content\/uploads\/2024\/09\/LJAO24-09-1024x683.jpg\" alt=\"\" class=\"wp-image-15875\" srcset=\"https:\/\/landesrat.hu\/wp-content\/uploads\/2024\/09\/LJAO24-09-1024x683.jpg 1024w, https:\/\/landesrat.hu\/wp-content\/uploads\/2024\/09\/LJAO24-09-980x654.jpg 980w, https:\/\/landesrat.hu\/wp-content\/uploads\/2024\/09\/LJAO24-09-480x320.jpg 480w\" sizes=\"(min-width: 0px) and (max-width: 480px) 480px, (min-width: 481px) and (max-width: 980px) 980px, (min-width: 981px) 1024px, 100vw\" \/><\/a><\/figure>\n\n\n\n<figure class=\"wp-block-image size-large\"><a href=\"https:\/\/landesrat.hu\/wp-content\/uploads\/2024\/09\/LJAO24-10-1024x683.jpg\" target=\"_blank\" rel=\"noopener\"><img loading=\"lazy\" decoding=\"async\" width=\"1024\" height=\"683\" data-id=\"15849\" src=\"https:\/\/landesrat.hu\/wp-content\/uploads\/2024\/09\/LJAO24-10-1024x683.jpg\" alt=\"\" class=\"wp-image-15849\" srcset=\"https:\/\/landesrat.hu\/wp-content\/uploads\/2024\/09\/LJAO24-10-1024x683.jpg 1024w, https:\/\/landesrat.hu\/wp-content\/uploads\/2024\/09\/LJAO24-10-980x654.jpg 980w, https:\/\/landesrat.hu\/wp-content\/uploads\/2024\/09\/LJAO24-10-480x320.jpg 480w\" sizes=\"(min-width: 0px) and (max-width: 480px) 480px, (min-width: 481px) and (max-width: 980px) 980px, (min-width: 981px) 1024px, 100vw\" \/><\/a><\/figure>\n\n\n\n<figure class=\"wp-block-image size-large\"><a href=\"https:\/\/landesrat.hu\/wp-content\/uploads\/2024\/09\/LJAO24-11-1024x683.jpg\" target=\"_blank\" rel=\"noopener\"><img loading=\"lazy\" decoding=\"async\" width=\"1024\" height=\"683\" data-id=\"15853\" src=\"https:\/\/landesrat.hu\/wp-content\/uploads\/2024\/09\/LJAO24-11-1024x683.jpg\" alt=\"\" class=\"wp-image-15853\" srcset=\"https:\/\/landesrat.hu\/wp-content\/uploads\/2024\/09\/LJAO24-11-1024x683.jpg 1024w, https:\/\/landesrat.hu\/wp-content\/uploads\/2024\/09\/LJAO24-11-980x654.jpg 980w, https:\/\/landesrat.hu\/wp-content\/uploads\/2024\/09\/LJAO24-11-480x320.jpg 480w\" sizes=\"(min-width: 0px) and (max-width: 480px) 480px, (min-width: 481px) and (max-width: 980px) 980px, (min-width: 981px) 1024px, 100vw\" \/><\/a><\/figure>\n\n\n\n<figure class=\"wp-block-image size-large\"><a href=\"https:\/\/landesrat.hu\/wp-content\/uploads\/2024\/09\/LJAO24-12-1024x683.jpg\" target=\"_blank\" rel=\"noopener\"><img loading=\"lazy\" decoding=\"async\" width=\"1024\" height=\"683\" data-id=\"15883\" src=\"https:\/\/landesrat.hu\/wp-content\/uploads\/2024\/09\/LJAO24-12-1024x683.jpg\" alt=\"\" class=\"wp-image-15883\" srcset=\"https:\/\/landesrat.hu\/wp-content\/uploads\/2024\/09\/LJAO24-12-1024x683.jpg 1024w, https:\/\/landesrat.hu\/wp-content\/uploads\/2024\/09\/LJAO24-12-980x654.jpg 980w, https:\/\/landesrat.hu\/wp-content\/uploads\/2024\/09\/LJAO24-12-480x320.jpg 480w\" sizes=\"(min-width: 0px) and (max-width: 480px) 480px, (min-width: 481px) and (max-width: 980px) 980px, (min-width: 981px) 1024px, 100vw\" \/><\/a><\/figure>\n\n\n\n<figure class=\"wp-block-image size-large\"><a href=\"https:\/\/landesrat.hu\/wp-content\/uploads\/2024\/09\/LJAO24-13-1024x683.jpg\" target=\"_blank\" rel=\"noopener\"><img loading=\"lazy\" decoding=\"async\" width=\"1024\" height=\"683\" data-id=\"15867\" src=\"https:\/\/landesrat.hu\/wp-content\/uploads\/2024\/09\/LJAO24-13-1024x683.jpg\" alt=\"\" class=\"wp-image-15867\" srcset=\"https:\/\/landesrat.hu\/wp-content\/uploads\/2024\/09\/LJAO24-13-1024x683.jpg 1024w, https:\/\/landesrat.hu\/wp-content\/uploads\/2024\/09\/LJAO24-13-980x654.jpg 980w, https:\/\/landesrat.hu\/wp-content\/uploads\/2024\/09\/LJAO24-13-480x320.jpg 480w\" sizes=\"(min-width: 0px) and (max-width: 480px) 480px, (min-width: 481px) and (max-width: 980px) 980px, (min-width: 981px) 1024px, 100vw\" \/><\/a><\/figure>\n\n\n\n<figure class=\"wp-block-image size-large\"><a href=\"https:\/\/landesrat.hu\/wp-content\/uploads\/2024\/09\/LJAO24-14-1024x683.jpg\" target=\"_blank\" rel=\"noopener\"><img loading=\"lazy\" decoding=\"async\" width=\"1024\" height=\"683\" data-id=\"15869\" src=\"https:\/\/landesrat.hu\/wp-content\/uploads\/2024\/09\/LJAO24-14-1024x683.jpg\" alt=\"\" class=\"wp-image-15869\" srcset=\"https:\/\/landesrat.hu\/wp-content\/uploads\/2024\/09\/LJAO24-14-1024x683.jpg 1024w, https:\/\/landesrat.hu\/wp-content\/uploads\/2024\/09\/LJAO24-14-980x654.jpg 980w, https:\/\/landesrat.hu\/wp-content\/uploads\/2024\/09\/LJAO24-14-480x320.jpg 480w\" sizes=\"(min-width: 0px) and (max-width: 480px) 480px, (min-width: 481px) and (max-width: 980px) 980px, (min-width: 981px) 1024px, 100vw\" \/><\/a><\/figure>\n\n\n\n<figure class=\"wp-block-image size-large\"><a href=\"https:\/\/landesrat.hu\/wp-content\/uploads\/2024\/09\/LJAO24-15-1024x683.jpg\" target=\"_blank\" rel=\"noopener\"><img loading=\"lazy\" decoding=\"async\" width=\"1024\" height=\"683\" data-id=\"15851\" src=\"https:\/\/landesrat.hu\/wp-content\/uploads\/2024\/09\/LJAO24-15-1024x683.jpg\" alt=\"\" class=\"wp-image-15851\" srcset=\"https:\/\/landesrat.hu\/wp-content\/uploads\/2024\/09\/LJAO24-15-1024x683.jpg 1024w, https:\/\/landesrat.hu\/wp-content\/uploads\/2024\/09\/LJAO24-15-980x654.jpg 980w, https:\/\/landesrat.hu\/wp-content\/uploads\/2024\/09\/LJAO24-15-480x320.jpg 480w\" sizes=\"(min-width: 0px) and (max-width: 480px) 480px, (min-width: 481px) and (max-width: 980px) 980px, (min-width: 981px) 1024px, 100vw\" \/><\/a><\/figure>\n\n\n\n<figure class=\"wp-block-image size-large\"><a href=\"https:\/\/landesrat.hu\/wp-content\/uploads\/2024\/09\/LJAO24-16-1024x683.jpg\" target=\"_blank\" rel=\"noopener\"><img loading=\"lazy\" decoding=\"async\" width=\"1024\" height=\"683\" data-id=\"15887\" src=\"https:\/\/landesrat.hu\/wp-content\/uploads\/2024\/09\/LJAO24-16-1024x683.jpg\" alt=\"\" class=\"wp-image-15887\" srcset=\"https:\/\/landesrat.hu\/wp-content\/uploads\/2024\/09\/LJAO24-16-1024x683.jpg 1024w, https:\/\/landesrat.hu\/wp-content\/uploads\/2024\/09\/LJAO24-16-980x654.jpg 980w, https:\/\/landesrat.hu\/wp-content\/uploads\/2024\/09\/LJAO24-16-480x320.jpg 480w\" sizes=\"(min-width: 0px) and (max-width: 480px) 480px, (min-width: 481px) and (max-width: 980px) 980px, (min-width: 981px) 1024px, 100vw\" \/><\/a><\/figure>\n\n\n\n<figure class=\"wp-block-image size-large\"><a href=\"https:\/\/landesrat.hu\/wp-content\/uploads\/2024\/09\/LJAO24-17-1024x683.jpg\" target=\"_blank\" rel=\"noopener\"><img loading=\"lazy\" decoding=\"async\" width=\"1024\" height=\"683\" data-id=\"15855\" src=\"https:\/\/landesrat.hu\/wp-content\/uploads\/2024\/09\/LJAO24-17-1024x683.jpg\" alt=\"\" class=\"wp-image-15855\" srcset=\"https:\/\/landesrat.hu\/wp-content\/uploads\/2024\/09\/LJAO24-17-1024x683.jpg 1024w, https:\/\/landesrat.hu\/wp-content\/uploads\/2024\/09\/LJAO24-17-980x654.jpg 980w, https:\/\/landesrat.hu\/wp-content\/uploads\/2024\/09\/LJAO24-17-480x320.jpg 480w\" sizes=\"(min-width: 0px) and (max-width: 480px) 480px, (min-width: 481px) and (max-width: 980px) 980px, (min-width: 981px) 1024px, 100vw\" \/><\/a><\/figure>\n\n\n\n<figure class=\"wp-block-image size-large\"><a href=\"https:\/\/landesrat.hu\/wp-content\/uploads\/2024\/09\/LJAO24-18-1024x683.jpg\" target=\"_blank\" rel=\"noopener\"><img loading=\"lazy\" decoding=\"async\" width=\"1024\" height=\"683\" data-id=\"15859\" src=\"https:\/\/landesrat.hu\/wp-content\/uploads\/2024\/09\/LJAO24-18-1024x683.jpg\" alt=\"\" class=\"wp-image-15859\" srcset=\"https:\/\/landesrat.hu\/wp-content\/uploads\/2024\/09\/LJAO24-18-1024x683.jpg 1024w, https:\/\/landesrat.hu\/wp-content\/uploads\/2024\/09\/LJAO24-18-980x654.jpg 980w, https:\/\/landesrat.hu\/wp-content\/uploads\/2024\/09\/LJAO24-18-480x320.jpg 480w\" sizes=\"(min-width: 0px) and (max-width: 480px) 480px, (min-width: 481px) and (max-width: 980px) 980px, (min-width: 981px) 1024px, 100vw\" \/><\/a><\/figure>\n\n\n\n<figure class=\"wp-block-image size-large\"><a href=\"https:\/\/landesrat.hu\/wp-content\/uploads\/2024\/09\/LJAO24-19-1024x683.jpg\" target=\"_blank\" rel=\"noopener\"><img loading=\"lazy\" decoding=\"async\" width=\"1024\" height=\"683\" data-id=\"15871\" src=\"https:\/\/landesrat.hu\/wp-content\/uploads\/2024\/09\/LJAO24-19-1024x683.jpg\" alt=\"\" class=\"wp-image-15871\" srcset=\"https:\/\/landesrat.hu\/wp-content\/uploads\/2024\/09\/LJAO24-19-1024x683.jpg 1024w, https:\/\/landesrat.hu\/wp-content\/uploads\/2024\/09\/LJAO24-19-980x654.jpg 980w, https:\/\/landesrat.hu\/wp-content\/uploads\/2024\/09\/LJAO24-19-480x320.jpg 480w\" sizes=\"(min-width: 0px) and (max-width: 480px) 480px, (min-width: 481px) and (max-width: 980px) 980px, (min-width: 981px) 1024px, 100vw\" \/><\/a><\/figure>\n\n\n\n<figure class=\"wp-block-image size-large\"><a href=\"https:\/\/landesrat.hu\/wp-content\/uploads\/2024\/09\/LJAO24-20-1024x683.jpg\" target=\"_blank\" rel=\"noopener\"><img loading=\"lazy\" decoding=\"async\" width=\"1024\" height=\"683\" data-id=\"15884\" src=\"https:\/\/landesrat.hu\/wp-content\/uploads\/2024\/09\/LJAO24-20-1024x683.jpg\" alt=\"\" class=\"wp-image-15884\" srcset=\"https:\/\/landesrat.hu\/wp-content\/uploads\/2024\/09\/LJAO24-20-1024x683.jpg 1024w, https:\/\/landesrat.hu\/wp-content\/uploads\/2024\/09\/LJAO24-20-980x654.jpg 980w, https:\/\/landesrat.hu\/wp-content\/uploads\/2024\/09\/LJAO24-20-480x320.jpg 480w\" sizes=\"(min-width: 0px) and (max-width: 480px) 480px, (min-width: 481px) and (max-width: 980px) 980px, (min-width: 981px) 1024px, 100vw\" \/><\/a><\/figure>\n\n\n\n<figure class=\"wp-block-image size-large\"><a href=\"https:\/\/landesrat.hu\/wp-content\/uploads\/2024\/09\/LJAO24-21-1024x683.jpg\" target=\"_blank\" rel=\"noopener\"><img loading=\"lazy\" decoding=\"async\" width=\"1024\" height=\"683\" data-id=\"15886\" src=\"https:\/\/landesrat.hu\/wp-content\/uploads\/2024\/09\/LJAO24-21-1024x683.jpg\" alt=\"\" class=\"wp-image-15886\" srcset=\"https:\/\/landesrat.hu\/wp-content\/uploads\/2024\/09\/LJAO24-21-1024x683.jpg 1024w, https:\/\/landesrat.hu\/wp-content\/uploads\/2024\/09\/LJAO24-21-980x654.jpg 980w, https:\/\/landesrat.hu\/wp-content\/uploads\/2024\/09\/LJAO24-21-480x320.jpg 480w\" sizes=\"(min-width: 0px) and (max-width: 480px) 480px, (min-width: 481px) and (max-width: 980px) 980px, (min-width: 981px) 1024px, 100vw\" \/><\/a><\/figure>\n\n\n\n<figure class=\"wp-block-image size-large\"><a href=\"https:\/\/landesrat.hu\/wp-content\/uploads\/2024\/09\/LJAO24-22-1024x683.jpg\" target=\"_blank\" rel=\"noopener\"><img loading=\"lazy\" decoding=\"async\" width=\"1024\" height=\"683\" data-id=\"15873\" src=\"https:\/\/landesrat.hu\/wp-content\/uploads\/2024\/09\/LJAO24-22-1024x683.jpg\" alt=\"\" class=\"wp-image-15873\" srcset=\"https:\/\/landesrat.hu\/wp-content\/uploads\/2024\/09\/LJAO24-22-1024x683.jpg 1024w, https:\/\/landesrat.hu\/wp-content\/uploads\/2024\/09\/LJAO24-22-980x654.jpg 980w, https:\/\/landesrat.hu\/wp-content\/uploads\/2024\/09\/LJAO24-22-480x320.jpg 480w\" sizes=\"(min-width: 0px) and (max-width: 480px) 480px, (min-width: 481px) and (max-width: 980px) 980px, (min-width: 981px) 1024px, 100vw\" \/><\/a><\/figure>\n\n\n\n<figure class=\"wp-block-image size-large\"><a href=\"https:\/\/landesrat.hu\/wp-content\/uploads\/2024\/09\/LJAO24-23-1024x615.jpg\" target=\"_blank\" rel=\"noopener\"><img loading=\"lazy\" decoding=\"async\" width=\"1024\" height=\"615\" data-id=\"15881\" src=\"https:\/\/landesrat.hu\/wp-content\/uploads\/2024\/09\/LJAO24-23-1024x615.jpg\" alt=\"\" class=\"wp-image-15881\" srcset=\"https:\/\/landesrat.hu\/wp-content\/uploads\/2024\/09\/LJAO24-23-980x588.jpg 980w, https:\/\/landesrat.hu\/wp-content\/uploads\/2024\/09\/LJAO24-23-480x288.jpg 480w\" sizes=\"(min-width: 0px) and (max-width: 480px) 480px, (min-width: 481px) and (max-width: 980px) 980px, (min-width: 981px) 1024px, 100vw\" \/><\/a><\/figure>\n\n\n\n<figure class=\"wp-block-image size-large\"><a href=\"https:\/\/landesrat.hu\/wp-content\/uploads\/2024\/09\/LJAO24-24.jpg\" target=\"_blank\" rel=\"noopener\"><img loading=\"lazy\" decoding=\"async\" width=\"480\" height=\"800\" data-id=\"15891\" src=\"https:\/\/landesrat.hu\/wp-content\/uploads\/2024\/09\/LJAO24-24.jpg\" alt=\"\" class=\"wp-image-15891\" srcset=\"https:\/\/landesrat.hu\/wp-content\/uploads\/2024\/09\/LJAO24-24.jpg 480w, https:\/\/landesrat.hu\/wp-content\/uploads\/2024\/09\/LJAO24-24-180x300.jpg 180w\" sizes=\"(max-width: 480px) 100vw, 480px\" \/><\/a><\/figure>\n<\/figure>\n","protected":false},"excerpt":{"rendered":"<p>Wer Anfang August in der Umgebung der Burg von Petschwar unterwegs war, mag sich gefragt haben, was in der Burg los ist, da man die ganze Woche \u00fcber so sch\u00f6ne [&hellip;]<\/p>\n","protected":false},"author":7,"featured_media":5126,"comment_status":"closed","ping_status":"closed","sticky":false,"template":"","format":"standard","meta":{"_et_pb_use_builder":"","_et_pb_old_content":"","_et_gb_content_width":"","inline_featured_image":false,"footnotes":""},"categories":[108,95,103],"tags":[],"_links":{"self":[{"href":"https:\/\/landesrat.hu\/de\/wp-json\/wp\/v2\/posts\/15919"}],"collection":[{"href":"https:\/\/landesrat.hu\/de\/wp-json\/wp\/v2\/posts"}],"about":[{"href":"https:\/\/landesrat.hu\/de\/wp-json\/wp\/v2\/types\/post"}],"author":[{"embeddable":true,"href":"https:\/\/landesrat.hu\/de\/wp-json\/wp\/v2\/users\/7"}],"replies":[{"embeddable":true,"href":"https:\/\/landesrat.hu\/de\/wp-json\/wp\/v2\/comments?post=15919"}],"version-history":[{"count":2,"href":"https:\/\/landesrat.hu\/de\/wp-json\/wp\/v2\/posts\/15919\/revisions"}],"predecessor-version":[{"id":15921,"href":"https:\/\/landesrat.hu\/de\/wp-json\/wp\/v2\/posts\/15919\/revisions\/15921"}],"wp:featuredmedia":[{"embeddable":true,"href":"https:\/\/landesrat.hu\/de\/wp-json\/wp\/v2\/media\/5126"}],"wp:attachment":[{"href":"https:\/\/landesrat.hu\/de\/wp-json\/wp\/v2\/media?parent=15919"}],"wp:term":[{"taxonomy":"category","embeddable":true,"href":"https:\/\/landesrat.hu\/de\/wp-json\/wp\/v2\/categories?post=15919"},{"taxonomy":"post_tag","embeddable":true,"href":"https:\/\/landesrat.hu\/de\/wp-json\/wp\/v2\/tags?post=15919"}],"curies":[{"name":"wp","href":"https:\/\/api.w.org\/{rel}","templated":true}]}}