{"id":15633,"date":"2024-08-24T23:07:42","date_gmt":"2024-08-24T21:07:42","guid":{"rendered":"https:\/\/landesrat.hu\/die-volkstanzwoche-bietet-den-taenzerinnen-und-taenzern-ein-reichhaltiges-und-vielfaeltiges-themenangebot\/"},"modified":"2024-08-26T09:44:15","modified_gmt":"2024-08-26T07:44:15","slug":"die-volkstanzwoche-bietet-den-taenzerinnen-und-taenzern-ein-reichhaltiges-und-vielfaeltiges-themenangebot","status":"publish","type":"post","link":"https:\/\/landesrat.hu\/de\/die-volkstanzwoche-bietet-den-taenzerinnen-und-taenzern-ein-reichhaltiges-und-vielfaeltiges-themenangebot\/","title":{"rendered":"Die Volkstanzwoche bietet den T\u00e4nzerinnen und T\u00e4nzern ein reichhaltiges und vielf\u00e4ltiges Themenangebot"},"content":{"rendered":"\n<div class=\"wp-block-columns is-layout-flex wp-container-core-columns-layout-1 wp-block-columns-is-layout-flex\">\n<div class=\"wp-block-column is-layout-flow wp-block-column-is-layout-flow\">\n<div class=\"wp-block-buttons is-content-justification-right is-layout-flex wp-block-buttons-is-layout-flex\">\n<div class=\"wp-block-button galeria-gomb\"><a class=\"wp-block-button__link\" href=\"#galeria\">Galeria<\/a><\/div>\n<\/div>\n<\/div>\n<\/div>\n\n\n\n<p><strong>\u201eWenn du unseren Tanz siehst, h<\/strong><strong>\u00f6rst du die Worte unseres Herzens.<\/strong>\u201c<\/p>\n\n\n\n<p>Daran konnte niemand zweifeln, der an einem beliebigen Tag der Volkstanzwoche einen Blick in die S\u00e4le der Petschwarer Burg warf, selbst wenn er nur zu einem eint\u00e4gigen Tagesseminar gekommen war. Denn es lauschten begeisterte und wissbegierige T\u00e4nzerinnen und T\u00e4nzer aufmerksam den Dozenten oder \u00fcbten flei\u00dfig die neuen Choreografien.<\/p>\n\n\n\n<p><p class=\"Body\" style=\"line-height: 120%; text-align: left;\"><strong><span lang=\"DE\">In der ersten Augustwoche brachte das diesj\u00e4hrige Tanzfestival fast f\u00fcnfzig Teilnehmer aus zwanzig Gemeinden zusammen, die die von hervorragenden und engagierten Fachleuten gehaltenen Vortr\u00e4ge und praktischen \u00dcbungen besuchten. <\/span><\/strong><\/p><\/p>\n\n\n\n<p>Betrachtet man nur die wachsende Teilnehmerzahl und die gute Atmosph\u00e4re der Veranstaltungen, die teambildenden Gespr\u00e4che an den Abenden, so kann festgestellt werden, dass das neue Ausbildungskonzept der Volkstanzwoche, das im vergangenen Jahr konzipiert wurde, eine Erfolgsgeschichte ist. <\/p>\n\n\n\n<p><p><strong>Hervorzuheben sind sicherlich die Kreativit\u00e4t und das langfristige Denken von Julianna Szab<\/strong><strong>\u00f3, der Vorsitzenden der Tanzsektion<\/strong>, und die Kontakte der Tanzsektion in die Tanzbranche, die dazu beitrugen, dass ein so hochwertiger Fortbildungskurs zustande kam. In Ankn\u00fcpfung an die Themen des letzten Jahres und auf der Suche nach Antworten auf neue Fragen, die sich seither ergeben haben, wurden die Themen der Vortr\u00e4ge und \u00dcbungsstunden festgelegt.<\/p><\/p>\n\n\n\n<p><p>Die wichtigsten fachlichen Ziele bestanden darin, den Tanzgruppenleiterinnen und -leitern sowie aktiven T\u00e4nzerinnen und T\u00e4nzern dabei zu helfen, ihren Tanzalltag zu organisieren, und zwar <strong>sowohl in Bezug auf das Wissen als auch auf die Methodik<\/strong>.<\/p><\/p>\n\n\n\n<p>Die Frage nach dem \u201eWie?\u201c war eine Herausforderung f\u00fcr die Organisatoren, denn das System der eint\u00e4gigen Seminare bedeutete, dass sie eine flexible Thematik entwickeln mussten, so dass jeder Programmblock f\u00fcr sich stehen konnte, da nicht unbedingt dieselben T\u00e4nzer an den Seminaren an aufeinanderfolgenden Tagen teilnahmen.<\/p>\n\n\n\n<p>Au\u00dferdem mussten sie das Fachmaterial auf die unterschiedlichen Wissensst\u00e4nde der Teilnehmer abstimmen. Eine wichtige \u00dcberlegung war, dass auch Teilnehmer, die nur \u00fcber Grundkenntnisse verf\u00fcgten, von dem Camp profitieren und n\u00fctzliches Wissen mit nach Hause nehmen k\u00f6nnen.<\/p>\n\n\n\n<p><p>Das Hauptmotiv der Woche war, Antworten zu finden, wie <strong>unsere geistige und t\u00e4nzerische Kultur weiterlebt, wie wir sie an unsere Nachkommen weitergeben<\/strong>, und zu erkunden, was wir in diesem Bereich noch zu tun haben. Eines ist klar geworden: Um die ungarndeutsche Tanzkultur zu bewahren, ist der erste und wichtigste Schritt, einen guten \u00dcberblick \u00fcber das zu bekommen, was uns zur Verf\u00fcgung steht. Wir m\u00fcssen die vorhandenen Materialien, Sammlungen und Ressourcen erkunden. Dazu m\u00fcssen wir sehen, was f\u00fcr archive und lokale Materialien neben den in Archiven und Publikationen auffindbaren Dokumentationen darauf warten, aufgearbeitet zu werden. <strong>Wir m<\/strong><strong>\u00f6chten sie dann den Nutzern in einem geeigneten Format zur Verf\u00fcgung stellen<\/strong>.<\/p><\/p>\n\n\n\n<p><p>W\u00e4hrend der Woche wurde versucht, lokale T\u00e4nze aus den umliegenden D\u00f6rfern zu erlernen, dazu wurden praktizierende Tanzlehrer eingeladen.<\/p>&#13;\n<p>Die Woche begann mit den sogenannten <strong>Grundt\u00e4nzen<\/strong>. L\u00e1szl\u00f3 Nagy, Tanzlehrer und Choreograf aus Maratz, stellte <strong>die Varianten der Figurent\u00e4<\/strong><strong>nze in den verschiedenen Siedlungen<\/strong> vor. Es ist ein wichtiges Ziel, dass diese T\u00e4nze nicht nur als Kindert\u00e4nze weiterleben, sondern sie <strong>wieder zu einem Bestandteil von Tanzveranstaltungen gemacht werden<\/strong>, wie sie es fr\u00fcher waren.<\/p><\/p>\n\n\n\n<p><p>Im Laufe des Tages f\u00fchrte <strong>Anett W<\/strong><strong>\u00f6lfling<\/strong> die Teilnehmerinnen und Teilnehmer dann in die <strong>Bawarzer-T\u00e4<\/strong><strong>nze <\/strong>ein und gab ihnen Anregungen, wie diese weiterverkn\u00fcpft werden k\u00f6nnten. Am Mittwochabend f\u00fchrten die Nadascher T\u00e4nzer unter der Leitung von Zsuzsanna Hernesz-Hajd\u00fa die Motive der T\u00e4nze aus Haschad den Anwesenden vor, die diese anschlie\u00dfend auch erlernen konnten. Am Donnerstag brachte <strong>Ilona K<\/strong><strong>\u00f6hler-Koch die Kindert\u00e4<\/strong><strong>nze aus ihrer Choreographie \u201eKinderfasching in Zickau<\/strong><strong>\u201c <\/strong>mit.<\/p><\/p>\n\n\n\n<p>Am Dienstag brachten <b>Michael Mausz und seine Tochter Judit Mausz<\/b> den Teilnehmern die komplette Choreographie \u201eT\u00e4nze aus Wemend\u201d von Michael Mausz bei, und <b>der Choreograph gab einen historischen \u00dcberblick \u00fcber die Geschichte und das System der deutschen T\u00e4nze in Ungarn<\/b>.<br>In der Mitte der Woche folgte die Theorie des Choreographierens, <b>die textliche Beschreibung der T\u00e4nze und das Lesen der Choreographiebeschreibungen<\/b>.<\/p>\n\n\n\n<p><p>Am Mittwoch konnten die Teilnehmer unter Anleitung von <strong>Frau Husz\u00e1k <\/strong>und ihren Helfern aus Inselneudorf erlernen, <strong>wie man anhand einer konkreten Choreografie Tanztexte liest und schreibt<\/strong>. Damit sollte sichergestellt werden, dass die bereits niedergeschriebenen Choreografien nicht in Vergessenheit geraten. <strong>Das Ziel der Schulung war, den Sch<\/strong><strong>\u00f6pfern und Sammlern die notwendige Unterst\u00fctzung bei der Aufzeichnung der Werke zu geben, um unsere Tanzkultur bewahren zu k\u00f6nnen.<\/strong><\/p><\/p>\n\n\n\n<p><p><strong>Alexandra Korom, eine Tanzforscherin aus Segedin<\/strong>, Doktorandin in Tanzanthropologie, nahm zum zweiten Mal an der Tanzwoche teil und f\u00fchrte die T\u00e4nzer auf der Grundlage ihrer k\u00fcrzlich ver\u00f6ffentlichten Forschungsarbeit in die <strong>Methodik der Tanzforschung<\/strong> ein und <strong>erinnerte an den kritischen Umgang mit Quellen<\/strong>. In einem separaten Workshop berichtete sie \u00fcber die Fallstricke, auf die sie bei ihrer spezifischen Forschungsarbeit in Hajosch gesto\u00dfen ist.<\/p><\/p>\n\n\n\n<p><p><strong>Ildik\u00f3 Winhardt aus Wudersch <\/strong>bearbeitete w\u00e4hrend ihrer Laufbahn <strong>mehrere Aufnahmen in mehreren Siedlungen aus dem Petermann-<\/strong><strong>Archiv<\/strong>. In ihrem Vortrag stellte sie ihre eigene Erfahrungen vor und <strong>brachte die bearbeiteten T\u00e4<\/strong><strong>nze im Rahmen eines Tanzhauses bei<\/strong><strong> Live-Musik den Anwesenden bei<\/strong>.<\/p><\/p>\n\n\n\n<p><p><strong>Um authentische ungarndeutsche T\u00e4nze tanzen zu k<\/strong><strong>\u00f6nnen, sind die passende Tracht, die richtige Musikauswahl und die Betonung des Liedrepertoires unerl\u00e4sslich.<\/strong><\/p><\/p>\n\n\n\n<p><p class=\"Body\" style=\"text-align: justify; text-justify: inter-ideograph; line-height: 120%;\"><b><span lang=\"DE\">Johanna Tengler aus Maratz <\/span><\/b><span lang=\"DE\">berichtete in diesem Zusammenhang \u00fcber ihre <b>Forschungen zur Maratzer Tracht <\/b>und gab ein gutes Beispiel daf\u00fcr, wie man die <b>alte Trachtenkultur unserer Siedlung erforschen und untersuchen<\/b> kann. <\/span><\/p><\/p>\n\n\n\n<p><p><strong>M<\/strong><strong>\u00f3nika Fazekas-<\/strong><strong>Gomb\u00e1r aus Wetschesch hielt einen Vortrag \u00fcber ihre Arbeit zur Erfassung der Wetschescher Liedersammlung <\/strong>und deren Methodik sowie \u00fcber das <strong>als Ergebnis ihrer Arbeit ver<\/strong><strong>\u00f6ffentlichte Liederbuch <\/strong>und unterrichtete Lieder aus der Sammlung im Ortsdialekt.<\/p><\/p>\n\n\n\n<p><p>Der Dirigent und Vorsitzender der Blasmusiksektion des Landesrates,\u00a0 <strong>S\u00e1ndor Kasz\u00e1s aus S\u00f3sk\u00fat<\/strong>, sprach \u00fcber die <strong>Besonderheiten der ungarndeutschen Volksmusik<\/strong> und veranschaulichte anhand praktischer Beispiele, worauf bei der <strong>Musikauswahl <\/strong>zu achten ist, um Fehler zu vermeiden.<\/p><\/p>\n\n\n\n<p><p>TanzgruppenleiterInnen werden \u00f6fter gebeten, ein Tanzhaus zu leiten, auch das hat seine Methode. <strong>Mira G<\/strong><strong>\u00f6lcz (Leinwar) <\/strong>stellte ihre <strong>eigene gut bew\u00e4hrte Praxis <\/strong>vor.<\/p><\/p>\n\n\n\n<p><p><strong>Julianna Szab<\/strong><strong>\u00f3, Vorsitzende der <\/strong><strong>Tanzsektion<\/strong>, sprach in ihrem Vortrag \u00fcber die M\u00f6glichkeiten, sich <strong>dem Projekt \u201eLandesrat &#8211; Verlag<\/strong><strong>\u201c <\/strong>&#8211; das sich abzuzeichnen scheint &#8211; <strong>von Seiten des Tanzes anzuschlie\u00dfen. <\/strong>Wir m\u00f6chten eine <strong>digitale Datenbank schaffen<\/strong>, <strong>die den Nutzern den Zugang zum ungarndeutschen Tanzgut erm\u00f6glicht. <\/strong>Au\u00dferdem w\u00fcrden wir dadurch Urhebern, die bereit sind, erm\u00f6glichen, ihre <strong>Werke der \u00d6ffentlichkeit zug\u00e4nglich zu machen<\/strong>. All dies setzt nat\u00fcrlich die <strong>Anwendung des Urheberrechtsschutzes<\/strong> und eine <strong>rechtlich korrekte Haltung der Nutzer <\/strong>voraus. Dies erfordert eine angemessene Ausbildung der Partner.<\/p><\/p>\n\n\n\n<p><p><strong>Die Entwicklung eines geeigneten Ausbildungssystems, die professionelle Unterst\u00fctzung von Tanzp\u00e4dagogen, die mit Kindergruppen arbeiten, die Frage der institutionellen Tanzausbildung und die Fortbildung von Tanzp\u00e4dagogen wurden ebenfalls als weitere Aufgaben genannt.<\/strong> Wir werden weiter \u00fcber Ideen und Initiativen nachdenken, um all das zu l\u00f6sen.<\/p><\/p>\n\n\n\n<p><p>Insgesamt erwies sich die diesj\u00e4hrige Volkstanzwoche, wie auch in den Vorjahren, als eine sehr sinnvolle Fortbildungsveranstaltung mit vielen Entwicklungsm\u00f6glichkeiten, die den Qualit\u00e4tsanspruch des Landesrates verk\u00f6rpert und sein hochwertiges Ausbildungssystem untermauert.<\/p><\/p>\n\n\n\n<p>Die Veranstaltung wird durch Bundesministerium des Innern und f\u00fcr Heimat, der Landesselbstverwaltung der Ungarndeutschen, der Petschwarer Deutschen Nationalit\u00e4tenselbstverwaltung und der Regierung Ungarns gef\u00f6rdert.<\/p>\n\n\n\n<h2 class=\"wp-block-heading\" id=\"galeria\">Galerie<\/h2>\n\n\n\n<figure class=\"wp-block-gallery has-nested-images columns-default is-cropped wp-block-gallery-1 is-layout-flex wp-block-gallery-is-layout-flex\">\n<figure class=\"wp-block-image size-large\"><a href=\"https:\/\/landesrat.hu\/wp-content\/uploads\/2024\/08\/LAT24-03-1024x683.jpg\" target=\"_blank\" rel=\"noopener\"><img loading=\"lazy\" decoding=\"async\" width=\"1024\" height=\"683\" data-id=\"15548\" src=\"https:\/\/landesrat.hu\/wp-content\/uploads\/2024\/08\/LAT24-03-1024x683.jpg\" alt=\"\" class=\"wp-image-15548\" srcset=\"https:\/\/landesrat.hu\/wp-content\/uploads\/2024\/08\/LAT24-03-1024x683.jpg 1024w, https:\/\/landesrat.hu\/wp-content\/uploads\/2024\/08\/LAT24-03-980x654.jpg 980w, https:\/\/landesrat.hu\/wp-content\/uploads\/2024\/08\/LAT24-03-480x320.jpg 480w\" sizes=\"(min-width: 0px) and (max-width: 480px) 480px, (min-width: 481px) and (max-width: 980px) 980px, (min-width: 981px) 1024px, 100vw\" \/><\/a><\/figure>\n\n\n\n<figure class=\"wp-block-image size-large\"><a href=\"https:\/\/landesrat.hu\/wp-content\/uploads\/2024\/08\/LAT24-23-1024x576.jpg\" target=\"_blank\" rel=\"noopener\"><img loading=\"lazy\" decoding=\"async\" width=\"1024\" height=\"576\" data-id=\"15552\" src=\"https:\/\/landesrat.hu\/wp-content\/uploads\/2024\/08\/LAT24-23-1024x576.jpg\" alt=\"\" class=\"wp-image-15552\" srcset=\"https:\/\/landesrat.hu\/wp-content\/uploads\/2024\/08\/LAT24-23-980x551.jpg 980w, https:\/\/landesrat.hu\/wp-content\/uploads\/2024\/08\/LAT24-23-480x270.jpg 480w\" sizes=\"(min-width: 0px) and (max-width: 480px) 480px, (min-width: 481px) and (max-width: 980px) 980px, (min-width: 981px) 1024px, 100vw\" \/><\/a><\/figure>\n\n\n\n<figure class=\"wp-block-image size-large\"><a href=\"https:\/\/landesrat.hu\/wp-content\/uploads\/2024\/08\/Galeria-cover-Singwoche-2024-1024x576.jpg\" target=\"_blank\" rel=\"noopener\"><img loading=\"lazy\" decoding=\"async\" width=\"1024\" height=\"576\" data-id=\"15563\" src=\"https:\/\/landesrat.hu\/wp-content\/uploads\/2024\/08\/Galeria-cover-Singwoche-2024-1024x576.jpg\" alt=\"\" class=\"wp-image-15563\" srcset=\"https:\/\/landesrat.hu\/wp-content\/uploads\/2024\/08\/Galeria-cover-Singwoche-2024-980x551.jpg 980w, https:\/\/landesrat.hu\/wp-content\/uploads\/2024\/08\/Galeria-cover-Singwoche-2024-480x270.jpg 480w\" sizes=\"(min-width: 0px) and (max-width: 480px) 480px, (min-width: 481px) and (max-width: 980px) 980px, (min-width: 981px) 1024px, 100vw\" \/><\/a><\/figure>\n\n\n\n<figure class=\"wp-block-image size-large\"><a href=\"https:\/\/landesrat.hu\/wp-content\/uploads\/2024\/08\/LAT24-09-1024x768.jpg\" target=\"_blank\" rel=\"noopener\"><img loading=\"lazy\" decoding=\"async\" width=\"1024\" height=\"768\" data-id=\"15558\" src=\"https:\/\/landesrat.hu\/wp-content\/uploads\/2024\/08\/LAT24-09-1024x768.jpg\" alt=\"\" class=\"wp-image-15558\" srcset=\"https:\/\/landesrat.hu\/wp-content\/uploads\/2024\/08\/LAT24-09-1024x768.jpg 1024w, https:\/\/landesrat.hu\/wp-content\/uploads\/2024\/08\/LAT24-09-980x735.jpg 980w, https:\/\/landesrat.hu\/wp-content\/uploads\/2024\/08\/LAT24-09-480x360.jpg 480w\" sizes=\"(min-width: 0px) and (max-width: 480px) 480px, (min-width: 481px) and (max-width: 980px) 980px, (min-width: 981px) 1024px, 100vw\" \/><\/a><\/figure>\n\n\n\n<figure class=\"wp-block-image size-large\"><a href=\"https:\/\/landesrat.hu\/wp-content\/uploads\/2024\/08\/LAT24-22-1024x768.jpg\" target=\"_blank\" rel=\"noopener\"><img loading=\"lazy\" decoding=\"async\" width=\"1024\" height=\"768\" data-id=\"15556\" src=\"https:\/\/landesrat.hu\/wp-content\/uploads\/2024\/08\/LAT24-22-1024x768.jpg\" alt=\"\" class=\"wp-image-15556\" srcset=\"https:\/\/landesrat.hu\/wp-content\/uploads\/2024\/08\/LAT24-22-1024x768.jpg 1024w, https:\/\/landesrat.hu\/wp-content\/uploads\/2024\/08\/LAT24-22-980x735.jpg 980w, https:\/\/landesrat.hu\/wp-content\/uploads\/2024\/08\/LAT24-22-480x360.jpg 480w\" sizes=\"(min-width: 0px) and (max-width: 480px) 480px, (min-width: 481px) and (max-width: 980px) 980px, (min-width: 981px) 1024px, 100vw\" \/><\/a><\/figure>\n\n\n\n<figure class=\"wp-block-image size-large\"><a href=\"https:\/\/landesrat.hu\/wp-content\/uploads\/2024\/08\/LAT24-24-1024x768.jpg\" target=\"_blank\" rel=\"noopener\"><img loading=\"lazy\" decoding=\"async\" width=\"1024\" height=\"768\" data-id=\"15554\" src=\"https:\/\/landesrat.hu\/wp-content\/uploads\/2024\/08\/LAT24-24-1024x768.jpg\" alt=\"\" class=\"wp-image-15554\" srcset=\"https:\/\/landesrat.hu\/wp-content\/uploads\/2024\/08\/LAT24-24-1024x768.jpg 1024w, https:\/\/landesrat.hu\/wp-content\/uploads\/2024\/08\/LAT24-24-980x735.jpg 980w, https:\/\/landesrat.hu\/wp-content\/uploads\/2024\/08\/LAT24-24-480x360.jpg 480w\" sizes=\"(min-width: 0px) and (max-width: 480px) 480px, (min-width: 481px) and (max-width: 980px) 980px, (min-width: 981px) 1024px, 100vw\" \/><\/a><\/figure>\n\n\n\n<figure class=\"wp-block-image size-large\"><a href=\"https:\/\/landesrat.hu\/wp-content\/uploads\/2024\/08\/LAT24-23-1024x576.jpg\" target=\"_blank\" rel=\"noopener\"><img loading=\"lazy\" decoding=\"async\" width=\"1024\" height=\"576\" data-id=\"15552\" src=\"https:\/\/landesrat.hu\/wp-content\/uploads\/2024\/08\/LAT24-23-1024x576.jpg\" alt=\"\" class=\"wp-image-15552\" srcset=\"https:\/\/landesrat.hu\/wp-content\/uploads\/2024\/08\/LAT24-23-980x551.jpg 980w, https:\/\/landesrat.hu\/wp-content\/uploads\/2024\/08\/LAT24-23-480x270.jpg 480w\" sizes=\"(min-width: 0px) and (max-width: 480px) 480px, (min-width: 481px) and (max-width: 980px) 980px, (min-width: 981px) 1024px, 100vw\" \/><\/a><\/figure>\n\n\n\n<figure class=\"wp-block-image size-large\"><a href=\"https:\/\/landesrat.hu\/wp-content\/uploads\/2024\/08\/LAT24-20-1024x768.jpg\" target=\"_blank\" rel=\"noopener\"><img loading=\"lazy\" decoding=\"async\" width=\"1024\" height=\"768\" data-id=\"15550\" src=\"https:\/\/landesrat.hu\/wp-content\/uploads\/2024\/08\/LAT24-20-1024x768.jpg\" alt=\"\" class=\"wp-image-15550\" srcset=\"https:\/\/landesrat.hu\/wp-content\/uploads\/2024\/08\/LAT24-20-1024x768.jpg 1024w, https:\/\/landesrat.hu\/wp-content\/uploads\/2024\/08\/LAT24-20-980x735.jpg 980w, https:\/\/landesrat.hu\/wp-content\/uploads\/2024\/08\/LAT24-20-480x360.jpg 480w\" sizes=\"(min-width: 0px) and (max-width: 480px) 480px, (min-width: 481px) and (max-width: 980px) 980px, (min-width: 981px) 1024px, 100vw\" \/><\/a><\/figure>\n\n\n\n<figure class=\"wp-block-image size-large\"><a href=\"https:\/\/landesrat.hu\/wp-content\/uploads\/2024\/08\/LAT24-08-1024x768.jpg\" target=\"_blank\" rel=\"noopener\"><img loading=\"lazy\" decoding=\"async\" width=\"1024\" height=\"768\" data-id=\"15545\" src=\"https:\/\/landesrat.hu\/wp-content\/uploads\/2024\/08\/LAT24-08-1024x768.jpg\" alt=\"\" class=\"wp-image-15545\" srcset=\"https:\/\/landesrat.hu\/wp-content\/uploads\/2024\/08\/LAT24-08-1024x768.jpg 1024w, https:\/\/landesrat.hu\/wp-content\/uploads\/2024\/08\/LAT24-08-980x735.jpg 980w, https:\/\/landesrat.hu\/wp-content\/uploads\/2024\/08\/LAT24-08-480x360.jpg 480w\" sizes=\"(min-width: 0px) and (max-width: 480px) 480px, (min-width: 481px) and (max-width: 980px) 980px, (min-width: 981px) 1024px, 100vw\" \/><\/a><\/figure>\n\n\n\n<figure class=\"wp-block-image size-large\"><a href=\"https:\/\/landesrat.hu\/wp-content\/uploads\/2024\/08\/LAT24-01-1024x683.jpg\" target=\"_blank\" rel=\"noopener\"><img loading=\"lazy\" decoding=\"async\" width=\"1024\" height=\"683\" data-id=\"15544\" src=\"https:\/\/landesrat.hu\/wp-content\/uploads\/2024\/08\/LAT24-01-1024x683.jpg\" alt=\"\" class=\"wp-image-15544\" srcset=\"https:\/\/landesrat.hu\/wp-content\/uploads\/2024\/08\/LAT24-01-1024x683.jpg 1024w, https:\/\/landesrat.hu\/wp-content\/uploads\/2024\/08\/LAT24-01-980x654.jpg 980w, https:\/\/landesrat.hu\/wp-content\/uploads\/2024\/08\/LAT24-01-480x320.jpg 480w\" sizes=\"(min-width: 0px) and (max-width: 480px) 480px, (min-width: 481px) and (max-width: 980px) 980px, (min-width: 981px) 1024px, 100vw\" \/><\/a><\/figure>\n\n\n\n<figure class=\"wp-block-image size-large\"><a href=\"https:\/\/landesrat.hu\/wp-content\/uploads\/2024\/08\/LAT24-13-1024x768.jpg\" target=\"_blank\" rel=\"noopener\"><img loading=\"lazy\" decoding=\"async\" width=\"1024\" height=\"768\" data-id=\"15542\" src=\"https:\/\/landesrat.hu\/wp-content\/uploads\/2024\/08\/LAT24-13-1024x768.jpg\" alt=\"\" class=\"wp-image-15542\" srcset=\"https:\/\/landesrat.hu\/wp-content\/uploads\/2024\/08\/LAT24-13-1024x768.jpg 1024w, https:\/\/landesrat.hu\/wp-content\/uploads\/2024\/08\/LAT24-13-980x735.jpg 980w, https:\/\/landesrat.hu\/wp-content\/uploads\/2024\/08\/LAT24-13-480x360.jpg 480w\" sizes=\"(min-width: 0px) and (max-width: 480px) 480px, (min-width: 481px) and (max-width: 980px) 980px, (min-width: 981px) 1024px, 100vw\" \/><\/a><\/figure>\n\n\n\n<figure class=\"wp-block-image size-large\"><a href=\"https:\/\/landesrat.hu\/wp-content\/uploads\/2024\/08\/LAT24-14-1024x768.jpg\" target=\"_blank\" rel=\"noopener\"><img loading=\"lazy\" decoding=\"async\" width=\"1024\" height=\"768\" data-id=\"15540\" src=\"https:\/\/landesrat.hu\/wp-content\/uploads\/2024\/08\/LAT24-14-1024x768.jpg\" alt=\"\" class=\"wp-image-15540\" srcset=\"https:\/\/landesrat.hu\/wp-content\/uploads\/2024\/08\/LAT24-14-1024x768.jpg 1024w, https:\/\/landesrat.hu\/wp-content\/uploads\/2024\/08\/LAT24-14-980x735.jpg 980w, https:\/\/landesrat.hu\/wp-content\/uploads\/2024\/08\/LAT24-14-480x360.jpg 480w\" sizes=\"(min-width: 0px) and (max-width: 480px) 480px, (min-width: 481px) and (max-width: 980px) 980px, (min-width: 981px) 1024px, 100vw\" \/><\/a><\/figure>\n\n\n\n<figure class=\"wp-block-image size-large\"><a href=\"https:\/\/landesrat.hu\/wp-content\/uploads\/2024\/08\/LAT24-06-1024x768.jpg\" target=\"_blank\" rel=\"noopener\"><img loading=\"lazy\" decoding=\"async\" width=\"1024\" height=\"768\" data-id=\"15538\" src=\"https:\/\/landesrat.hu\/wp-content\/uploads\/2024\/08\/LAT24-06-1024x768.jpg\" alt=\"\" class=\"wp-image-15538\" srcset=\"https:\/\/landesrat.hu\/wp-content\/uploads\/2024\/08\/LAT24-06-1024x768.jpg 1024w, https:\/\/landesrat.hu\/wp-content\/uploads\/2024\/08\/LAT24-06-980x735.jpg 980w, https:\/\/landesrat.hu\/wp-content\/uploads\/2024\/08\/LAT24-06-480x360.jpg 480w\" sizes=\"(min-width: 0px) and (max-width: 480px) 480px, (min-width: 481px) and (max-width: 980px) 980px, (min-width: 981px) 1024px, 100vw\" \/><\/a><\/figure>\n\n\n\n<figure class=\"wp-block-image size-large\"><a href=\"https:\/\/landesrat.hu\/wp-content\/uploads\/2024\/08\/LAT24-04-1024x683.jpg\" target=\"_blank\" rel=\"noopener\"><img loading=\"lazy\" decoding=\"async\" width=\"1024\" height=\"683\" data-id=\"15536\" src=\"https:\/\/landesrat.hu\/wp-content\/uploads\/2024\/08\/LAT24-04-1024x683.jpg\" alt=\"\" class=\"wp-image-15536\" srcset=\"https:\/\/landesrat.hu\/wp-content\/uploads\/2024\/08\/LAT24-04-1024x683.jpg 1024w, https:\/\/landesrat.hu\/wp-content\/uploads\/2024\/08\/LAT24-04-980x654.jpg 980w, https:\/\/landesrat.hu\/wp-content\/uploads\/2024\/08\/LAT24-04-480x320.jpg 480w\" sizes=\"(min-width: 0px) and (max-width: 480px) 480px, (min-width: 481px) and (max-width: 980px) 980px, (min-width: 981px) 1024px, 100vw\" \/><\/a><\/figure>\n\n\n\n<figure class=\"wp-block-image size-large\"><a href=\"https:\/\/landesrat.hu\/wp-content\/uploads\/2024\/08\/LAT24-12.jpg\" target=\"_blank\" rel=\"noopener\"><img loading=\"lazy\" decoding=\"async\" width=\"600\" height=\"800\" data-id=\"15534\" src=\"https:\/\/landesrat.hu\/wp-content\/uploads\/2024\/08\/LAT24-12.jpg\" alt=\"\" class=\"wp-image-15534\" srcset=\"https:\/\/landesrat.hu\/wp-content\/uploads\/2024\/08\/LAT24-12.jpg 600w, https:\/\/landesrat.hu\/wp-content\/uploads\/2024\/08\/LAT24-12-480x640.jpg 480w\" sizes=\"(min-width: 0px) and (max-width: 480px) 480px, (min-width: 481px) 600px, 100vw\" \/><\/a><\/figure>\n\n\n\n<figure class=\"wp-block-image size-large\"><a href=\"https:\/\/landesrat.hu\/wp-content\/uploads\/2024\/08\/LAT24-02-1024x683.jpg\" target=\"_blank\" rel=\"noopener\"><img loading=\"lazy\" decoding=\"async\" width=\"1024\" height=\"683\" data-id=\"15532\" src=\"https:\/\/landesrat.hu\/wp-content\/uploads\/2024\/08\/LAT24-02-1024x683.jpg\" alt=\"\" class=\"wp-image-15532\" srcset=\"https:\/\/landesrat.hu\/wp-content\/uploads\/2024\/08\/LAT24-02-1024x683.jpg 1024w, https:\/\/landesrat.hu\/wp-content\/uploads\/2024\/08\/LAT24-02-980x654.jpg 980w, https:\/\/landesrat.hu\/wp-content\/uploads\/2024\/08\/LAT24-02-480x320.jpg 480w\" sizes=\"(min-width: 0px) and (max-width: 480px) 480px, (min-width: 481px) and (max-width: 980px) 980px, (min-width: 981px) 1024px, 100vw\" \/><\/a><\/figure>\n\n\n\n<figure class=\"wp-block-image size-large\"><a href=\"https:\/\/landesrat.hu\/wp-content\/uploads\/2024\/08\/LAT24-17-1024x768.jpg\" target=\"_blank\" rel=\"noopener\"><img loading=\"lazy\" decoding=\"async\" width=\"1024\" height=\"768\" data-id=\"15530\" src=\"https:\/\/landesrat.hu\/wp-content\/uploads\/2024\/08\/LAT24-17-1024x768.jpg\" alt=\"\" class=\"wp-image-15530\" srcset=\"https:\/\/landesrat.hu\/wp-content\/uploads\/2024\/08\/LAT24-17-1024x768.jpg 1024w, https:\/\/landesrat.hu\/wp-content\/uploads\/2024\/08\/LAT24-17-980x735.jpg 980w, https:\/\/landesrat.hu\/wp-content\/uploads\/2024\/08\/LAT24-17-480x360.jpg 480w\" sizes=\"(min-width: 0px) and (max-width: 480px) 480px, (min-width: 481px) and (max-width: 980px) 980px, (min-width: 981px) 1024px, 100vw\" \/><\/a><\/figure>\n\n\n\n<figure class=\"wp-block-image size-large\"><a href=\"https:\/\/landesrat.hu\/wp-content\/uploads\/2024\/08\/LAT24-10-1024x768.jpg\" target=\"_blank\" rel=\"noopener\"><img loading=\"lazy\" decoding=\"async\" width=\"1024\" height=\"768\" data-id=\"15528\" src=\"https:\/\/landesrat.hu\/wp-content\/uploads\/2024\/08\/LAT24-10-1024x768.jpg\" alt=\"\" class=\"wp-image-15528\" srcset=\"https:\/\/landesrat.hu\/wp-content\/uploads\/2024\/08\/LAT24-10-1024x768.jpg 1024w, https:\/\/landesrat.hu\/wp-content\/uploads\/2024\/08\/LAT24-10-980x735.jpg 980w, https:\/\/landesrat.hu\/wp-content\/uploads\/2024\/08\/LAT24-10-480x360.jpg 480w\" sizes=\"(min-width: 0px) and (max-width: 480px) 480px, (min-width: 481px) and (max-width: 980px) 980px, (min-width: 981px) 1024px, 100vw\" \/><\/a><\/figure>\n\n\n\n<figure class=\"wp-block-image size-large\"><a href=\"https:\/\/landesrat.hu\/wp-content\/uploads\/2024\/08\/LAT24-16-1024x768.jpg\" target=\"_blank\" rel=\"noopener\"><img loading=\"lazy\" decoding=\"async\" width=\"1024\" height=\"768\" data-id=\"15526\" src=\"https:\/\/landesrat.hu\/wp-content\/uploads\/2024\/08\/LAT24-16-1024x768.jpg\" alt=\"\" class=\"wp-image-15526\" srcset=\"https:\/\/landesrat.hu\/wp-content\/uploads\/2024\/08\/LAT24-16-1024x768.jpg 1024w, https:\/\/landesrat.hu\/wp-content\/uploads\/2024\/08\/LAT24-16-980x735.jpg 980w, https:\/\/landesrat.hu\/wp-content\/uploads\/2024\/08\/LAT24-16-480x360.jpg 480w\" sizes=\"(min-width: 0px) and (max-width: 480px) 480px, (min-width: 481px) and (max-width: 980px) 980px, (min-width: 981px) 1024px, 100vw\" \/><\/a><\/figure>\n\n\n\n<figure class=\"wp-block-image size-large\"><a href=\"https:\/\/landesrat.hu\/wp-content\/uploads\/2024\/08\/LAT24-15-1024x769.jpg\" target=\"_blank\" rel=\"noopener\"><img loading=\"lazy\" decoding=\"async\" width=\"1024\" height=\"769\" data-id=\"15524\" src=\"https:\/\/landesrat.hu\/wp-content\/uploads\/2024\/08\/LAT24-15-1024x769.jpg\" alt=\"\" class=\"wp-image-15524\" srcset=\"https:\/\/landesrat.hu\/wp-content\/uploads\/2024\/08\/LAT24-15-1024x769.jpg 1024w, https:\/\/landesrat.hu\/wp-content\/uploads\/2024\/08\/LAT24-15-980x736.jpg 980w, https:\/\/landesrat.hu\/wp-content\/uploads\/2024\/08\/LAT24-15-480x361.jpg 480w\" sizes=\"(min-width: 0px) and (max-width: 480px) 480px, (min-width: 481px) and (max-width: 980px) 980px, (min-width: 981px) 1024px, 100vw\" \/><\/a><\/figure>\n\n\n\n<figure class=\"wp-block-image size-large\"><a href=\"https:\/\/landesrat.hu\/wp-content\/uploads\/2024\/08\/LAT24-07-1024x768.jpg\" target=\"_blank\" rel=\"noopener\"><img loading=\"lazy\" decoding=\"async\" width=\"1024\" height=\"768\" data-id=\"15521\" src=\"https:\/\/landesrat.hu\/wp-content\/uploads\/2024\/08\/LAT24-07-1024x768.jpg\" alt=\"\" class=\"wp-image-15521\" srcset=\"https:\/\/landesrat.hu\/wp-content\/uploads\/2024\/08\/LAT24-07-1024x768.jpg 1024w, https:\/\/landesrat.hu\/wp-content\/uploads\/2024\/08\/LAT24-07-980x735.jpg 980w, https:\/\/landesrat.hu\/wp-content\/uploads\/2024\/08\/LAT24-07-480x360.jpg 480w\" sizes=\"(min-width: 0px) and (max-width: 480px) 480px, (min-width: 481px) and (max-width: 980px) 980px, (min-width: 981px) 1024px, 100vw\" \/><\/a><\/figure>\n\n\n\n<figure class=\"wp-block-image size-large\"><a href=\"https:\/\/landesrat.hu\/wp-content\/uploads\/2024\/08\/LAT24-19.jpg\" target=\"_blank\" rel=\"noopener\"><img loading=\"lazy\" decoding=\"async\" width=\"600\" height=\"800\" data-id=\"15520\" src=\"https:\/\/landesrat.hu\/wp-content\/uploads\/2024\/08\/LAT24-19.jpg\" alt=\"\" class=\"wp-image-15520\" srcset=\"https:\/\/landesrat.hu\/wp-content\/uploads\/2024\/08\/LAT24-19.jpg 600w, https:\/\/landesrat.hu\/wp-content\/uploads\/2024\/08\/LAT24-19-480x640.jpg 480w\" sizes=\"(min-width: 0px) and (max-width: 480px) 480px, (min-width: 481px) 600px, 100vw\" \/><\/a><\/figure>\n\n\n\n<figure class=\"wp-block-image size-large\"><a href=\"https:\/\/landesrat.hu\/wp-content\/uploads\/2024\/08\/LAT24-05-1024x683.jpg\" target=\"_blank\" rel=\"noopener\"><img loading=\"lazy\" decoding=\"async\" width=\"1024\" height=\"683\" data-id=\"15518\" src=\"https:\/\/landesrat.hu\/wp-content\/uploads\/2024\/08\/LAT24-05-1024x683.jpg\" alt=\"\" class=\"wp-image-15518\" srcset=\"https:\/\/landesrat.hu\/wp-content\/uploads\/2024\/08\/LAT24-05-1024x683.jpg 1024w, https:\/\/landesrat.hu\/wp-content\/uploads\/2024\/08\/LAT24-05-980x654.jpg 980w, https:\/\/landesrat.hu\/wp-content\/uploads\/2024\/08\/LAT24-05-480x320.jpg 480w\" sizes=\"(min-width: 0px) and (max-width: 480px) 480px, (min-width: 481px) and (max-width: 980px) 980px, (min-width: 981px) 1024px, 100vw\" \/><\/a><\/figure>\n\n\n\n<figure class=\"wp-block-image size-large\"><a href=\"https:\/\/landesrat.hu\/wp-content\/uploads\/2024\/08\/LAT24-25.jpg\" target=\"_blank\" rel=\"noopener\"><img loading=\"lazy\" decoding=\"async\" width=\"600\" height=\"800\" data-id=\"15516\" src=\"https:\/\/landesrat.hu\/wp-content\/uploads\/2024\/08\/LAT24-25.jpg\" alt=\"\" class=\"wp-image-15516\" srcset=\"https:\/\/landesrat.hu\/wp-content\/uploads\/2024\/08\/LAT24-25.jpg 600w, https:\/\/landesrat.hu\/wp-content\/uploads\/2024\/08\/LAT24-25-480x640.jpg 480w\" sizes=\"(min-width: 0px) and (max-width: 480px) 480px, (min-width: 481px) 600px, 100vw\" \/><\/a><\/figure>\n\n\n\n<figure class=\"wp-block-image size-large\"><a href=\"https:\/\/landesrat.hu\/wp-content\/uploads\/2024\/08\/LAT24-11-1024x768.jpg\" target=\"_blank\" rel=\"noopener\"><img loading=\"lazy\" decoding=\"async\" width=\"1024\" height=\"768\" data-id=\"15514\" src=\"https:\/\/landesrat.hu\/wp-content\/uploads\/2024\/08\/LAT24-11-1024x768.jpg\" alt=\"\" class=\"wp-image-15514\" srcset=\"https:\/\/landesrat.hu\/wp-content\/uploads\/2024\/08\/LAT24-11-1024x768.jpg 1024w, https:\/\/landesrat.hu\/wp-content\/uploads\/2024\/08\/LAT24-11-980x735.jpg 980w, https:\/\/landesrat.hu\/wp-content\/uploads\/2024\/08\/LAT24-11-480x360.jpg 480w\" sizes=\"(min-width: 0px) and (max-width: 480px) 480px, (min-width: 481px) and (max-width: 980px) 980px, (min-width: 981px) 1024px, 100vw\" \/><\/a><\/figure>\n\n\n\n<figure class=\"wp-block-image size-large\"><a href=\"https:\/\/landesrat.hu\/wp-content\/uploads\/2024\/08\/LAT24-18-1024x768.jpg\" target=\"_blank\" rel=\"noopener\"><img loading=\"lazy\" decoding=\"async\" width=\"1024\" height=\"768\" data-id=\"15511\" src=\"https:\/\/landesrat.hu\/wp-content\/uploads\/2024\/08\/LAT24-18-1024x768.jpg\" alt=\"\" class=\"wp-image-15511\" srcset=\"https:\/\/landesrat.hu\/wp-content\/uploads\/2024\/08\/LAT24-18-1024x768.jpg 1024w, https:\/\/landesrat.hu\/wp-content\/uploads\/2024\/08\/LAT24-18-980x735.jpg 980w, https:\/\/landesrat.hu\/wp-content\/uploads\/2024\/08\/LAT24-18-480x360.jpg 480w\" sizes=\"(min-width: 0px) and (max-width: 480px) 480px, (min-width: 481px) and (max-width: 980px) 980px, (min-width: 981px) 1024px, 100vw\" \/><\/a><\/figure>\n\n\n\n<figure class=\"wp-block-image size-large\"><a href=\"https:\/\/landesrat.hu\/wp-content\/uploads\/2024\/08\/LAT24-21-1024x768.jpg\" target=\"_blank\" rel=\"noopener\"><img loading=\"lazy\" decoding=\"async\" width=\"1024\" height=\"768\" data-id=\"15510\" src=\"https:\/\/landesrat.hu\/wp-content\/uploads\/2024\/08\/LAT24-21-1024x768.jpg\" alt=\"\" class=\"wp-image-15510\" srcset=\"https:\/\/landesrat.hu\/wp-content\/uploads\/2024\/08\/LAT24-21-1024x768.jpg 1024w, https:\/\/landesrat.hu\/wp-content\/uploads\/2024\/08\/LAT24-21-980x735.jpg 980w, https:\/\/landesrat.hu\/wp-content\/uploads\/2024\/08\/LAT24-21-480x360.jpg 480w\" sizes=\"(min-width: 0px) and (max-width: 480px) 480px, (min-width: 481px) and (max-width: 980px) 980px, (min-width: 981px) 1024px, 100vw\" \/><\/a><\/figure>\n<\/figure>\n","protected":false},"excerpt":{"rendered":"<p>\u201eWenn du unseren Tanz siehst, h\u00f6rst du die Worte unseres Herzens.\u201c Daran konnte niemand zweifeln, der an einem beliebigen Tag der Volkstanzwoche einen Blick in die S\u00e4le der Petschwarer Burg [&hellip;]<\/p>\n","protected":false},"author":7,"featured_media":5124,"comment_status":"closed","ping_status":"closed","sticky":false,"template":"","format":"standard","meta":{"_et_pb_use_builder":"","_et_pb_old_content":"","_et_gb_content_width":"","inline_featured_image":false,"footnotes":""},"categories":[103,105,74],"tags":[],"_links":{"self":[{"href":"https:\/\/landesrat.hu\/de\/wp-json\/wp\/v2\/posts\/15633"}],"collection":[{"href":"https:\/\/landesrat.hu\/de\/wp-json\/wp\/v2\/posts"}],"about":[{"href":"https:\/\/landesrat.hu\/de\/wp-json\/wp\/v2\/types\/post"}],"author":[{"embeddable":true,"href":"https:\/\/landesrat.hu\/de\/wp-json\/wp\/v2\/users\/7"}],"replies":[{"embeddable":true,"href":"https:\/\/landesrat.hu\/de\/wp-json\/wp\/v2\/comments?post=15633"}],"version-history":[{"count":8,"href":"https:\/\/landesrat.hu\/de\/wp-json\/wp\/v2\/posts\/15633\/revisions"}],"predecessor-version":[{"id":15643,"href":"https:\/\/landesrat.hu\/de\/wp-json\/wp\/v2\/posts\/15633\/revisions\/15643"}],"wp:featuredmedia":[{"embeddable":true,"href":"https:\/\/landesrat.hu\/de\/wp-json\/wp\/v2\/media\/5124"}],"wp:attachment":[{"href":"https:\/\/landesrat.hu\/de\/wp-json\/wp\/v2\/media?parent=15633"}],"wp:term":[{"taxonomy":"category","embeddable":true,"href":"https:\/\/landesrat.hu\/de\/wp-json\/wp\/v2\/categories?post=15633"},{"taxonomy":"post_tag","embeddable":true,"href":"https:\/\/landesrat.hu\/de\/wp-json\/wp\/v2\/tags?post=15633"}],"curies":[{"name":"wp","href":"https:\/\/api.w.org\/{rel}","templated":true}]}}