{"id":14578,"date":"2024-04-04T23:09:47","date_gmt":"2024-04-04T21:09:47","guid":{"rendered":"https:\/\/landesrat.hu\/festliches-beisammensein-mit-leitern-und-amtstraegern-des-landesrates\/"},"modified":"2024-04-15T23:21:42","modified_gmt":"2024-04-15T21:21:42","slug":"festliches-beisammensein-mit-leitern-und-amtstraegern-des-landesrates","status":"publish","type":"post","link":"https:\/\/landesrat.hu\/de\/festliches-beisammensein-mit-leitern-und-amtstraegern-des-landesrates\/","title":{"rendered":"Festliches Beisammensein mit Leitern und Amtstr\u00e4gern des Landesrates"},"content":{"rendered":"\n<div class=\"wp-block-columns is-layout-flex wp-container-core-columns-layout-1 wp-block-columns-is-layout-flex\">\n<div class=\"wp-block-column is-layout-flow wp-block-column-is-layout-flow\">\n<div class=\"wp-block-buttons is-content-justification-right is-layout-flex wp-block-buttons-is-layout-flex\">\n<div class=\"wp-block-button galeria-gomb\"><a class=\"wp-block-button__link\" href=\"#galeria\">Galeria<\/a><\/div>\n<\/div>\n<\/div>\n<\/div>\n\n<p>Was macht eine gew\u00f6hnliche Zusammenkunft zu etwas Besonderem? Man k\u00f6nnte den Veranstaltungsort, den Anlass, das servierte Men\u00fc aufz\u00e4hlen, aber es sind vor allem all diejenigen, die es in der Hektik des Alltags f\u00fcr wichtig halten, ein paar Stunden mit engagierten Kollegen zu verbringen, die sich f\u00fcr eine gemeinsame Sache einsetzen.<\/p>\n\n<p><p>Genau das geschah <strong>am 2. April<\/strong> in <strong>Sankt-Iwan beim festlichen Mittagessen des Landesrats,<\/strong> bei dem sich Leiter und Amtstr\u00e4ger, die sich f\u00fcr die Gemeinschaft einsetzen, trafen.<\/p><\/p>\n\n<p>Gemeinsam skizzierten sie den Weg und die Meilensteine, die die Entwicklung des Landesrats in den fast 30 Jahren seit seiner Gr\u00fcndung bestimmten und auf denen die Vision f\u00fcr die Zukunft aufgebaut werden soll.&#13;\nDas Engagement dieser Pers\u00f6nlichkeiten inspiriert zum Dienst mit Bescheidenheit, die 300-j\u00e4hrige Tradition der Ungarndeutschen neu auszurichten und die Gemeinschaft des Landesrats zusammenzuf\u00fchren.<\/p>\n\n<p><p>Am festlichen Mittagsmahl nahmen mit Freude teil:<br\/><strong>Fanz Neubrandt, Ehrenvorsitzender der Kirchenmusiksektion des Landesrates,<\/strong><strong><br\/><\/strong><strong>Krisztina Kov\u00e1cs-F<\/strong><strong>\u00f3<\/strong><strong>di, Vorsitzende der Chorsektion des Landesrates,<\/strong> <br\/><strong>S\u00e1ndor Kasz\u00e1s, Vorsitzender der Blasmusiksektion des Landesrates,<\/strong> <br\/><strong>Bal\u00e1zs Kozek, <\/strong><strong>Vorsitzender der Sektion der Kleinkapelle des Landesrates, <br\/>Julianna Szab<\/strong><strong>\u00f3<\/strong><strong>, Vorsitzende der <\/strong><strong>Tanz<\/strong><strong>sektion des Landesrates,<\/strong><br\/><strong>P\u00e9ter Schweininger, erster Vorsitzender der Jugendsektion,<\/strong><br\/><strong>L\u00e1szl\u00f3 Kreisz, Vorsitzender des Landesrates,<\/strong><br\/><strong>Die B\u00fcroleiter des Landesrates:<\/strong><br\/><strong>Frau Ica Husz\u00e1k, die erste Leiterin (2001-2004),<\/strong><br\/><strong>Eszter M<\/strong><strong>\u00f3<\/strong><strong>zes-Kenzler, die zweite Leiterin (2006-2007),<\/strong><br\/><strong>und J\u00e1<\/strong><strong>nos Hahn,<\/strong><strong> der gegenw\u00e4rtige Leiter (seit 2020) des Landesratb\u00fcros.<\/strong><\/p><\/p>\n\n<p>Wir danken Ihnen, dass Sie der Einladung des Landesratvorsitzenden folgten, und uns durch Ihre Anwesenheit die Ehre erwiesen. Wir w\u00fcnschen Ihnen allen weiterhin starken Glauben und viel Freude an der Arbeit!<\/p>\n\n<h2 class=\"wp-block-heading\" id=\"galeria\">Galerie<\/h2>\n\n<figure class=\"wp-block-gallery has-nested-images columns-default is-cropped wp-block-gallery-1 is-layout-flex wp-block-gallery-is-layout-flex\">\n<figure class=\"wp-block-image size-large\"><a href=\"https:\/\/landesrat.hu\/wp-content\/uploads\/2024\/04\/LVIP24-03-1024x683.jpg\" target=\"_blank\" rel=\"noopener\"><img loading=\"lazy\" decoding=\"async\" width=\"1024\" height=\"683\" data-id=\"14567\" src=\"https:\/\/landesrat.hu\/wp-content\/uploads\/2024\/04\/LVIP24-03-1024x683.jpg\" alt=\"\" class=\"wp-image-14567\" srcset=\"https:\/\/landesrat.hu\/wp-content\/uploads\/2024\/04\/LVIP24-03-1024x683.jpg 1024w, https:\/\/landesrat.hu\/wp-content\/uploads\/2024\/04\/LVIP24-03-980x654.jpg 980w, https:\/\/landesrat.hu\/wp-content\/uploads\/2024\/04\/LVIP24-03-480x320.jpg 480w\" sizes=\"(min-width: 0px) and (max-width: 480px) 480px, (min-width: 481px) and (max-width: 980px) 980px, (min-width: 981px) 1024px, 100vw\" \/><\/a><\/figure>\n\n\n\n<figure class=\"wp-block-image size-large\"><a href=\"https:\/\/landesrat.hu\/wp-content\/uploads\/2024\/04\/LVIP24-06.jpg\" target=\"_blank\" rel=\"noopener\"><img loading=\"lazy\" decoding=\"async\" width=\"571\" height=\"800\" data-id=\"14537\" src=\"https:\/\/landesrat.hu\/wp-content\/uploads\/2024\/04\/LVIP24-06.jpg\" alt=\"\" class=\"wp-image-14537\" srcset=\"https:\/\/landesrat.hu\/wp-content\/uploads\/2024\/04\/LVIP24-06.jpg 571w, https:\/\/landesrat.hu\/wp-content\/uploads\/2024\/04\/LVIP24-06-480x673.jpg 480w\" sizes=\"(min-width: 0px) and (max-width: 480px) 480px, (min-width: 481px) 571px, 100vw\" \/><\/a><\/figure>\n\n\n\n<figure class=\"wp-block-image size-large\"><a href=\"https:\/\/landesrat.hu\/wp-content\/uploads\/2024\/04\/LVIP24-04-1024x683.jpg\" target=\"_blank\" rel=\"noopener\"><img loading=\"lazy\" decoding=\"async\" width=\"1024\" height=\"683\" data-id=\"14548\" src=\"https:\/\/landesrat.hu\/wp-content\/uploads\/2024\/04\/LVIP24-04-1024x683.jpg\" alt=\"\" class=\"wp-image-14548\" srcset=\"https:\/\/landesrat.hu\/wp-content\/uploads\/2024\/04\/LVIP24-04-1024x683.jpg 1024w, https:\/\/landesrat.hu\/wp-content\/uploads\/2024\/04\/LVIP24-04-980x654.jpg 980w, https:\/\/landesrat.hu\/wp-content\/uploads\/2024\/04\/LVIP24-04-480x320.jpg 480w\" sizes=\"(min-width: 0px) and (max-width: 480px) 480px, (min-width: 481px) and (max-width: 980px) 980px, (min-width: 981px) 1024px, 100vw\" \/><\/a><\/figure>\n\n\n\n<figure class=\"wp-block-image size-large\"><a href=\"https:\/\/landesrat.hu\/wp-content\/uploads\/2024\/04\/LVIP24-02-1024x683.jpg\" target=\"_blank\" rel=\"noopener\"><img loading=\"lazy\" decoding=\"async\" width=\"1024\" height=\"683\" data-id=\"14557\" src=\"https:\/\/landesrat.hu\/wp-content\/uploads\/2024\/04\/LVIP24-02-1024x683.jpg\" alt=\"\" class=\"wp-image-14557\" srcset=\"https:\/\/landesrat.hu\/wp-content\/uploads\/2024\/04\/LVIP24-02-1024x683.jpg 1024w, https:\/\/landesrat.hu\/wp-content\/uploads\/2024\/04\/LVIP24-02-980x654.jpg 980w, https:\/\/landesrat.hu\/wp-content\/uploads\/2024\/04\/LVIP24-02-480x320.jpg 480w\" sizes=\"(min-width: 0px) and (max-width: 480px) 480px, (min-width: 481px) and (max-width: 980px) 980px, (min-width: 981px) 1024px, 100vw\" \/><\/a><\/figure>\n\n\n\n<figure class=\"wp-block-image size-large\"><a href=\"https:\/\/landesrat.hu\/wp-content\/uploads\/2024\/04\/LVIP24-17-1024x683.jpg\" target=\"_blank\" rel=\"noopener\"><img loading=\"lazy\" decoding=\"async\" width=\"1024\" height=\"683\" data-id=\"14559\" src=\"https:\/\/landesrat.hu\/wp-content\/uploads\/2024\/04\/LVIP24-17-1024x683.jpg\" alt=\"\" class=\"wp-image-14559\" srcset=\"https:\/\/landesrat.hu\/wp-content\/uploads\/2024\/04\/LVIP24-17-1024x683.jpg 1024w, https:\/\/landesrat.hu\/wp-content\/uploads\/2024\/04\/LVIP24-17-980x654.jpg 980w, https:\/\/landesrat.hu\/wp-content\/uploads\/2024\/04\/LVIP24-17-480x320.jpg 480w\" sizes=\"(min-width: 0px) and (max-width: 480px) 480px, (min-width: 481px) and (max-width: 980px) 980px, (min-width: 981px) 1024px, 100vw\" \/><\/a><\/figure>\n\n\n\n<figure class=\"wp-block-image size-large\"><a href=\"https:\/\/landesrat.hu\/wp-content\/uploads\/2024\/04\/LVIP24-11-1024x683.jpg\" target=\"_blank\" rel=\"noopener\"><img loading=\"lazy\" decoding=\"async\" width=\"1024\" height=\"683\" data-id=\"14547\" src=\"https:\/\/landesrat.hu\/wp-content\/uploads\/2024\/04\/LVIP24-11-1024x683.jpg\" alt=\"\" class=\"wp-image-14547\" srcset=\"https:\/\/landesrat.hu\/wp-content\/uploads\/2024\/04\/LVIP24-11-1024x683.jpg 1024w, https:\/\/landesrat.hu\/wp-content\/uploads\/2024\/04\/LVIP24-11-980x654.jpg 980w, https:\/\/landesrat.hu\/wp-content\/uploads\/2024\/04\/LVIP24-11-480x320.jpg 480w\" sizes=\"(min-width: 0px) and (max-width: 480px) 480px, (min-width: 481px) and (max-width: 980px) 980px, (min-width: 981px) 1024px, 100vw\" \/><\/a><\/figure>\n\n\n\n<figure class=\"wp-block-image size-large\"><a href=\"https:\/\/landesrat.hu\/wp-content\/uploads\/2024\/04\/LVIP24-18-1024x683.jpg\" target=\"_blank\" rel=\"noopener\"><img loading=\"lazy\" decoding=\"async\" width=\"1024\" height=\"683\" data-id=\"14543\" src=\"https:\/\/landesrat.hu\/wp-content\/uploads\/2024\/04\/LVIP24-18-1024x683.jpg\" alt=\"\" class=\"wp-image-14543\" srcset=\"https:\/\/landesrat.hu\/wp-content\/uploads\/2024\/04\/LVIP24-18-1024x683.jpg 1024w, https:\/\/landesrat.hu\/wp-content\/uploads\/2024\/04\/LVIP24-18-980x654.jpg 980w, https:\/\/landesrat.hu\/wp-content\/uploads\/2024\/04\/LVIP24-18-480x320.jpg 480w\" sizes=\"(min-width: 0px) and (max-width: 480px) 480px, (min-width: 481px) and (max-width: 980px) 980px, (min-width: 981px) 1024px, 100vw\" \/><\/a><\/figure>\n\n\n\n<figure class=\"wp-block-image size-large\"><a href=\"https:\/\/landesrat.hu\/wp-content\/uploads\/2024\/04\/LVIP24-01-1024x683.jpg\" target=\"_blank\" rel=\"noopener\"><img loading=\"lazy\" decoding=\"async\" width=\"1024\" height=\"683\" data-id=\"14545\" src=\"https:\/\/landesrat.hu\/wp-content\/uploads\/2024\/04\/LVIP24-01-1024x683.jpg\" alt=\"\" class=\"wp-image-14545\" srcset=\"https:\/\/landesrat.hu\/wp-content\/uploads\/2024\/04\/LVIP24-01-1024x683.jpg 1024w, https:\/\/landesrat.hu\/wp-content\/uploads\/2024\/04\/LVIP24-01-980x654.jpg 980w, https:\/\/landesrat.hu\/wp-content\/uploads\/2024\/04\/LVIP24-01-480x320.jpg 480w\" sizes=\"(min-width: 0px) and (max-width: 480px) 480px, (min-width: 481px) and (max-width: 980px) 980px, (min-width: 981px) 1024px, 100vw\" \/><\/a><\/figure>\n\n\n\n<figure class=\"wp-block-image size-large\"><a href=\"https:\/\/landesrat.hu\/wp-content\/uploads\/2024\/04\/LVIP24-08-1024x683.jpg\" target=\"_blank\" rel=\"noopener\"><img loading=\"lazy\" decoding=\"async\" width=\"1024\" height=\"683\" data-id=\"14541\" src=\"https:\/\/landesrat.hu\/wp-content\/uploads\/2024\/04\/LVIP24-08-1024x683.jpg\" alt=\"\" class=\"wp-image-14541\" srcset=\"https:\/\/landesrat.hu\/wp-content\/uploads\/2024\/04\/LVIP24-08-1024x683.jpg 1024w, https:\/\/landesrat.hu\/wp-content\/uploads\/2024\/04\/LVIP24-08-980x654.jpg 980w, https:\/\/landesrat.hu\/wp-content\/uploads\/2024\/04\/LVIP24-08-480x320.jpg 480w\" sizes=\"(min-width: 0px) and (max-width: 480px) 480px, (min-width: 481px) and (max-width: 980px) 980px, (min-width: 981px) 1024px, 100vw\" \/><\/a><\/figure>\n\n\n\n<figure class=\"wp-block-image size-large\"><a href=\"https:\/\/landesrat.hu\/wp-content\/uploads\/2024\/04\/LVIP24-10-1024x683.jpg\" target=\"_blank\" rel=\"noopener\"><img loading=\"lazy\" decoding=\"async\" width=\"1024\" height=\"683\" data-id=\"14563\" src=\"https:\/\/landesrat.hu\/wp-content\/uploads\/2024\/04\/LVIP24-10-1024x683.jpg\" alt=\"\" class=\"wp-image-14563\" srcset=\"https:\/\/landesrat.hu\/wp-content\/uploads\/2024\/04\/LVIP24-10-1024x683.jpg 1024w, https:\/\/landesrat.hu\/wp-content\/uploads\/2024\/04\/LVIP24-10-980x654.jpg 980w, https:\/\/landesrat.hu\/wp-content\/uploads\/2024\/04\/LVIP24-10-480x320.jpg 480w\" sizes=\"(min-width: 0px) and (max-width: 480px) 480px, (min-width: 481px) and (max-width: 980px) 980px, (min-width: 981px) 1024px, 100vw\" \/><\/a><\/figure>\n\n\n\n<figure class=\"wp-block-image size-large\"><a href=\"https:\/\/landesrat.hu\/wp-content\/uploads\/2024\/04\/LVIP24-09-1024x683.jpg\" target=\"_blank\" rel=\"noopener\"><img loading=\"lazy\" decoding=\"async\" width=\"1024\" height=\"683\" data-id=\"14565\" src=\"https:\/\/landesrat.hu\/wp-content\/uploads\/2024\/04\/LVIP24-09-1024x683.jpg\" alt=\"\" class=\"wp-image-14565\" srcset=\"https:\/\/landesrat.hu\/wp-content\/uploads\/2024\/04\/LVIP24-09-1024x683.jpg 1024w, https:\/\/landesrat.hu\/wp-content\/uploads\/2024\/04\/LVIP24-09-980x654.jpg 980w, https:\/\/landesrat.hu\/wp-content\/uploads\/2024\/04\/LVIP24-09-480x320.jpg 480w\" sizes=\"(min-width: 0px) and (max-width: 480px) 480px, (min-width: 481px) and (max-width: 980px) 980px, (min-width: 981px) 1024px, 100vw\" \/><\/a><\/figure>\n\n\n\n<figure class=\"wp-block-image size-large\"><a href=\"https:\/\/landesrat.hu\/wp-content\/uploads\/2024\/04\/LVIP24-12-1024x683.jpg\" target=\"_blank\" rel=\"noopener\"><img loading=\"lazy\" decoding=\"async\" width=\"1024\" height=\"683\" data-id=\"14551\" src=\"https:\/\/landesrat.hu\/wp-content\/uploads\/2024\/04\/LVIP24-12-1024x683.jpg\" alt=\"\" class=\"wp-image-14551\" srcset=\"https:\/\/landesrat.hu\/wp-content\/uploads\/2024\/04\/LVIP24-12-1024x683.jpg 1024w, https:\/\/landesrat.hu\/wp-content\/uploads\/2024\/04\/LVIP24-12-980x654.jpg 980w, https:\/\/landesrat.hu\/wp-content\/uploads\/2024\/04\/LVIP24-12-480x320.jpg 480w\" sizes=\"(min-width: 0px) and (max-width: 480px) 480px, (min-width: 481px) and (max-width: 980px) 980px, (min-width: 981px) 1024px, 100vw\" \/><\/a><\/figure>\n\n\n\n<figure class=\"wp-block-image size-large\"><a href=\"https:\/\/landesrat.hu\/wp-content\/uploads\/2024\/04\/LVIP24-13-1024x683.jpg\" target=\"_blank\" rel=\"noopener\"><img loading=\"lazy\" decoding=\"async\" width=\"1024\" height=\"683\" data-id=\"14553\" src=\"https:\/\/landesrat.hu\/wp-content\/uploads\/2024\/04\/LVIP24-13-1024x683.jpg\" alt=\"\" class=\"wp-image-14553\" srcset=\"https:\/\/landesrat.hu\/wp-content\/uploads\/2024\/04\/LVIP24-13-1024x683.jpg 1024w, https:\/\/landesrat.hu\/wp-content\/uploads\/2024\/04\/LVIP24-13-980x654.jpg 980w, https:\/\/landesrat.hu\/wp-content\/uploads\/2024\/04\/LVIP24-13-480x320.jpg 480w\" sizes=\"(min-width: 0px) and (max-width: 480px) 480px, (min-width: 481px) and (max-width: 980px) 980px, (min-width: 981px) 1024px, 100vw\" \/><\/a><\/figure>\n\n\n\n<figure class=\"wp-block-image size-large\"><a href=\"https:\/\/landesrat.hu\/wp-content\/uploads\/2024\/04\/LVIP24-14.jpg\" target=\"_blank\" rel=\"noopener\"><img loading=\"lazy\" decoding=\"async\" width=\"800\" height=\"800\" data-id=\"14539\" src=\"https:\/\/landesrat.hu\/wp-content\/uploads\/2024\/04\/LVIP24-14.jpg\" alt=\"\" class=\"wp-image-14539\" srcset=\"https:\/\/landesrat.hu\/wp-content\/uploads\/2024\/04\/LVIP24-14.jpg 800w, https:\/\/landesrat.hu\/wp-content\/uploads\/2024\/04\/LVIP24-14-480x480.jpg 480w\" sizes=\"(min-width: 0px) and (max-width: 480px) 480px, (min-width: 481px) 800px, 100vw\" \/><\/a><\/figure>\n\n\n\n<figure class=\"wp-block-image size-large\"><a href=\"https:\/\/landesrat.hu\/wp-content\/uploads\/2024\/04\/LVIP24-15-1024x683.jpg\" target=\"_blank\" rel=\"noopener\"><img loading=\"lazy\" decoding=\"async\" width=\"1024\" height=\"683\" data-id=\"14554\" src=\"https:\/\/landesrat.hu\/wp-content\/uploads\/2024\/04\/LVIP24-15-1024x683.jpg\" alt=\"\" class=\"wp-image-14554\" srcset=\"https:\/\/landesrat.hu\/wp-content\/uploads\/2024\/04\/LVIP24-15-1024x683.jpg 1024w, https:\/\/landesrat.hu\/wp-content\/uploads\/2024\/04\/LVIP24-15-980x654.jpg 980w, https:\/\/landesrat.hu\/wp-content\/uploads\/2024\/04\/LVIP24-15-480x320.jpg 480w\" sizes=\"(min-width: 0px) and (max-width: 480px) 480px, (min-width: 481px) and (max-width: 980px) 980px, (min-width: 981px) 1024px, 100vw\" \/><\/a><\/figure>\n\n\n\n<figure class=\"wp-block-image size-large\"><a href=\"https:\/\/landesrat.hu\/wp-content\/uploads\/2024\/04\/LVIP24-16-1024x683.jpg\" target=\"_blank\" rel=\"noopener\"><img loading=\"lazy\" decoding=\"async\" width=\"1024\" height=\"683\" data-id=\"14561\" src=\"https:\/\/landesrat.hu\/wp-content\/uploads\/2024\/04\/LVIP24-16-1024x683.jpg\" alt=\"\" class=\"wp-image-14561\" srcset=\"https:\/\/landesrat.hu\/wp-content\/uploads\/2024\/04\/LVIP24-16-1024x683.jpg 1024w, https:\/\/landesrat.hu\/wp-content\/uploads\/2024\/04\/LVIP24-16-980x654.jpg 980w, https:\/\/landesrat.hu\/wp-content\/uploads\/2024\/04\/LVIP24-16-480x320.jpg 480w\" sizes=\"(min-width: 0px) and (max-width: 480px) 480px, (min-width: 481px) and (max-width: 980px) 980px, (min-width: 981px) 1024px, 100vw\" \/><\/a><\/figure>\n<\/figure>\n","protected":false},"excerpt":{"rendered":"<p>Was macht eine gew\u00f6hnliche Zusammenkunft zu etwas Besonderem? Man k\u00f6nnte den Veranstaltungsort, den Anlass, das servierte Men\u00fc aufz\u00e4hlen, aber es sind vor allem all diejenigen, die es in der Hektik [&hellip;]<\/p>\n","protected":false},"author":7,"featured_media":5460,"comment_status":"closed","ping_status":"closed","sticky":false,"template":"","format":"standard","meta":{"_et_pb_use_builder":"","_et_pb_old_content":"","_et_gb_content_width":"","inline_featured_image":false,"footnotes":""},"categories":[103],"tags":[],"_links":{"self":[{"href":"https:\/\/landesrat.hu\/de\/wp-json\/wp\/v2\/posts\/14578"}],"collection":[{"href":"https:\/\/landesrat.hu\/de\/wp-json\/wp\/v2\/posts"}],"about":[{"href":"https:\/\/landesrat.hu\/de\/wp-json\/wp\/v2\/types\/post"}],"author":[{"embeddable":true,"href":"https:\/\/landesrat.hu\/de\/wp-json\/wp\/v2\/users\/7"}],"replies":[{"embeddable":true,"href":"https:\/\/landesrat.hu\/de\/wp-json\/wp\/v2\/comments?post=14578"}],"version-history":[{"count":2,"href":"https:\/\/landesrat.hu\/de\/wp-json\/wp\/v2\/posts\/14578\/revisions"}],"predecessor-version":[{"id":14583,"href":"https:\/\/landesrat.hu\/de\/wp-json\/wp\/v2\/posts\/14578\/revisions\/14583"}],"wp:featuredmedia":[{"embeddable":true,"href":"https:\/\/landesrat.hu\/de\/wp-json\/wp\/v2\/media\/5460"}],"wp:attachment":[{"href":"https:\/\/landesrat.hu\/de\/wp-json\/wp\/v2\/media?parent=14578"}],"wp:term":[{"taxonomy":"category","embeddable":true,"href":"https:\/\/landesrat.hu\/de\/wp-json\/wp\/v2\/categories?post=14578"},{"taxonomy":"post_tag","embeddable":true,"href":"https:\/\/landesrat.hu\/de\/wp-json\/wp\/v2\/tags?post=14578"}],"curies":[{"name":"wp","href":"https:\/\/api.w.org\/{rel}","templated":true}]}}