{"id":10578,"date":"2023-03-03T15:48:17","date_gmt":"2023-03-03T14:48:17","guid":{"rendered":"https:\/\/landesrat.hu\/die-wichtigsten-themen-der-vollversammlung-des-landesrates\/"},"modified":"2023-10-27T23:33:52","modified_gmt":"2023-10-27T21:33:52","slug":"die-wichtigsten-themen-der-vollversammlung-des-landesrates","status":"publish","type":"post","link":"https:\/\/landesrat.hu\/de\/die-wichtigsten-themen-der-vollversammlung-des-landesrates\/","title":{"rendered":"Die wichtigsten Themen der Vollversammlung des Landesrates"},"content":{"rendered":"\n<div class=\"wp-block-columns is-layout-flex wp-container-core-columns-layout-1 wp-block-columns-is-layout-flex\">\n<div class=\"wp-block-column is-layout-flow wp-block-column-is-layout-flow\">\n<div class=\"wp-block-buttons is-content-justification-right is-layout-flex wp-block-buttons-is-layout-flex\">\n<div class=\"wp-block-button galeria-gomb\"><a class=\"wp-block-button__link\" href=\"#galeria\">Galeria<\/a><\/div>\n<\/div>\n<\/div>\n<\/div>\n\n<p>Am 26. Februar setzte sich in Totwaschon der Vorstand des Landesrates zur ersten Vollversammlung in diesem Jahr zusammen.<\/p>\n\n<p><p>Die Vollversammlung ist ein wichtiges Ereignis des Jahres, da in deren Rahmen die Vorstandsmitglieder die <strong>Strategiepl\u00e4ne f\u00fcr die n\u00e4chsten drei Jahre <\/strong>annehmen und die Richtlinien der Organisationsentwicklung skizzieren.<\/p><\/p>\n\n<p><p>Zuerst <strong>fasste L\u00e1szl\u00f3 Kreisz, der Vorsitzender des Landesrates, die Ereignisse von 2022 in seinem Bericht zusammen<\/strong>.<strong> Er hob hervor, dass er als eine seiner wichtigsten <\/strong>Verpflichtungen die stabile und berechenbare Wirtschaftsf\u00fchrung betrachte, damit die Sektionen sich auf ihre fachlichen T\u00e4tigkeiten fokussieren und befl\u00fcgelt ihre Pl\u00e4ne verwirklichen k\u00f6nnen.<\/p><\/p>\n\n<p><p>Er sprach \u00fcber die Umstellung des Landesrates vom Analogen aufs Digitale. Infolge des Generationswechsels sollen die <strong>online Kommunikationskan\u00e4le<\/strong> up to date gehalten werden, und man soll immer pr\u00e4sent sein. Der Vorsitzende unterstrich die Wichtigkeit des <strong>kontinuierlichen Kontakthaltens<\/strong> und bat die Anwesenden, die Aktivit\u00e4ten auf den Plattformen zu verfolgen, mit den Veranstaltungen der Organisation im Bilde zu sein. Anschlie\u00dfend detaillierte er, was f\u00fcr ungenutztes Potential im Landesrat-Webshop liege, in dem das geistige Wissen gesammelt aufbewahrt werden k\u00f6nne und die daraus entstandenen Produkte vermarktet werden k\u00f6nnten.<\/p><\/p>\n\n<p><p><strong>Danach sprach er eingehend \u00fcber die Kontakte des Landesrates zu ausl\u00e4ndischen Organisationen und Partnern. <\/strong>Die Verhandlungen \u00fcber ein motivierendes System werden mit den donauschw\u00e4bischen Organisationen<strong> im Interesse der grenz\u00fcberschreitenden Kontakte zwischen den Jugendgruppen aus Ungarn und Deutschland<\/strong> auch in diesem Jahr fortgesetzt.<\/p>&#13;\n<p>Die sich im System des Landesrates qualifizierten Gruppen mit niveauvollen Produktionen erhalten die M\u00f6glichkeit im Ausland, in Europa und in Amerika aufzutreten.<\/p><\/p>\n\n<p><p>Im Rahmen des n\u00e4chsten Tagesordnungspunktes berichtete der <strong>Kontrollausschuss<\/strong>, dem folgten die <strong>Sektionsvorsitzenden<\/strong> mit ihren Berichten \u00fcber die <strong>fachliche Arbeit in ihren Bereichen<\/strong> im vergangenen Jahr. Daraus ging hervor, <strong>was f\u00fcr ein Gewicht auf das Einbeziehen und Behalten der Jugendlichen,<\/strong> auf die Zusammenarbeit der Sektionen, die Fortbildung der Kulturgruppen <strong>gelegt wird.<\/strong><\/p><\/p>\n\n<p><p>Ein wichtiges Thema war der <strong>Haushalt f\u00fcr das Jahr 2023<\/strong>, der einen stabilen und berechenbaren Hintergrund f\u00fcr die T\u00e4tigkeiten bietet. Auch der <strong>Programmplan f\u00fcr 2024 und 2025 <\/strong>wurde skizziert.<\/p><\/p>\n\n<p><p>L\u00e1szl\u00f3 Kreisz betonte, dass vom nichts k\u00e4me, und f\u00fcr den Erfolg <strong>eine Menge Arbeit, die Entschlossenheit und das dem\u00fctige Dienst die Voraussetzungen seien<\/strong>. Diese sind auch die Triebfeder des Landesrates. Nebenbei erw\u00e4hnte der Vorsitzende, dass es m\u00f6glich sei, dass den Erfolg die n\u00e4chste Generation genie\u00dfen werde, aber der <strong>Landesrat sieht die Kontinuit\u00e4t als Ziel an, damit es immer solche Momente gibt, die die Gemeinschaft gemeinsam erleben kann.<\/strong><\/p><\/p>\n\n<p><p><strong>Landesrat, die Gemeinschaft, in der Entwicklung Erlebnis ist!<\/strong><\/p>&#13;\n<p>\u00a0<\/p><\/p>\n\n<p>Die Veranstaltung wurde mit der Unterst\u00fctzung von dem Bundesministerium des Innern und f\u00fcr Heimat, der Landesselbstverwaltung der Ungarndeutschen und der Regierung Ungarns organisiert.<\/p>\n\n<h2 class=\"wp-block-heading\" id=\"galeria\">Gal\u00e9ria<\/h2>\n\n<figure class=\"wp-block-gallery has-nested-images columns-default is-cropped wp-block-gallery-1 is-layout-flex wp-block-gallery-is-layout-flex\">\n<figure class=\"wp-block-image size-large\"><a href=\"https:\/\/landesrat.hu\/wp-content\/uploads\/2023\/03\/LVO23-04-1024x576.jpg\" target=\"_blank\" rel=\"noopener\"><img loading=\"lazy\" decoding=\"async\" width=\"1024\" height=\"576\" data-id=\"10405\" src=\"https:\/\/landesrat.hu\/wp-content\/uploads\/2023\/03\/LVO23-04-1024x576.jpg\" alt=\"\" class=\"wp-image-10405\" srcset=\"https:\/\/landesrat.hu\/wp-content\/uploads\/2023\/03\/LVO23-04-980x551.jpg 980w, https:\/\/landesrat.hu\/wp-content\/uploads\/2023\/03\/LVO23-04-480x270.jpg 480w\" sizes=\"(min-width: 0px) and (max-width: 480px) 480px, (min-width: 481px) and (max-width: 980px) 980px, (min-width: 981px) 1024px, 100vw\" \/><\/a><\/figure>\n\n\n\n<figure class=\"wp-block-image size-large\"><a href=\"https:\/\/landesrat.hu\/wp-content\/uploads\/2023\/03\/LVO23-18-1024x576.jpg\" target=\"_blank\" rel=\"noopener\"><img loading=\"lazy\" decoding=\"async\" width=\"1024\" height=\"576\" data-id=\"10433\" src=\"https:\/\/landesrat.hu\/wp-content\/uploads\/2023\/03\/LVO23-18-1024x576.jpg\" alt=\"\" class=\"wp-image-10433\" srcset=\"https:\/\/landesrat.hu\/wp-content\/uploads\/2023\/03\/LVO23-18-980x551.jpg 980w, https:\/\/landesrat.hu\/wp-content\/uploads\/2023\/03\/LVO23-18-480x270.jpg 480w\" sizes=\"(min-width: 0px) and (max-width: 480px) 480px, (min-width: 481px) and (max-width: 980px) 980px, (min-width: 981px) 1024px, 100vw\" \/><\/a><\/figure>\n\n\n\n<figure class=\"wp-block-image size-large\"><a href=\"https:\/\/landesrat.hu\/wp-content\/uploads\/2023\/03\/LVO23-39-1024x576.jpg\" target=\"_blank\" rel=\"noopener\"><img loading=\"lazy\" decoding=\"async\" width=\"1024\" height=\"576\" data-id=\"10475\" src=\"https:\/\/landesrat.hu\/wp-content\/uploads\/2023\/03\/LVO23-39-1024x576.jpg\" alt=\"\" class=\"wp-image-10475\" srcset=\"https:\/\/landesrat.hu\/wp-content\/uploads\/2023\/03\/LVO23-39-980x551.jpg 980w, https:\/\/landesrat.hu\/wp-content\/uploads\/2023\/03\/LVO23-39-480x270.jpg 480w\" sizes=\"(min-width: 0px) and (max-width: 480px) 480px, (min-width: 481px) and (max-width: 980px) 980px, (min-width: 981px) 1024px, 100vw\" \/><\/a><\/figure>\n\n\n\n<figure class=\"wp-block-image size-large\"><a href=\"https:\/\/landesrat.hu\/wp-content\/uploads\/2023\/03\/LVO23-36-1024x576.jpg\" target=\"_blank\" rel=\"noopener\"><img loading=\"lazy\" decoding=\"async\" width=\"1024\" height=\"576\" data-id=\"10469\" src=\"https:\/\/landesrat.hu\/wp-content\/uploads\/2023\/03\/LVO23-36-1024x576.jpg\" alt=\"\" class=\"wp-image-10469\" srcset=\"https:\/\/landesrat.hu\/wp-content\/uploads\/2023\/03\/LVO23-36-980x551.jpg 980w, https:\/\/landesrat.hu\/wp-content\/uploads\/2023\/03\/LVO23-36-480x270.jpg 480w\" sizes=\"(min-width: 0px) and (max-width: 480px) 480px, (min-width: 481px) and (max-width: 980px) 980px, (min-width: 981px) 1024px, 100vw\" \/><\/a><\/figure>\n\n\n\n<figure class=\"wp-block-image size-large\"><a href=\"https:\/\/landesrat.hu\/wp-content\/uploads\/2023\/03\/LVO23-19-1024x576.jpg\" target=\"_blank\" rel=\"noopener\"><img loading=\"lazy\" decoding=\"async\" width=\"1024\" height=\"576\" data-id=\"10435\" src=\"https:\/\/landesrat.hu\/wp-content\/uploads\/2023\/03\/LVO23-19-1024x576.jpg\" alt=\"\" class=\"wp-image-10435\" srcset=\"https:\/\/landesrat.hu\/wp-content\/uploads\/2023\/03\/LVO23-19-980x551.jpg 980w, https:\/\/landesrat.hu\/wp-content\/uploads\/2023\/03\/LVO23-19-480x270.jpg 480w\" sizes=\"(min-width: 0px) and (max-width: 480px) 480px, (min-width: 481px) and (max-width: 980px) 980px, (min-width: 981px) 1024px, 100vw\" \/><\/a><\/figure>\n\n\n\n<figure class=\"wp-block-image size-large\"><a href=\"https:\/\/landesrat.hu\/wp-content\/uploads\/2023\/03\/LVO23-20.jpg\" target=\"_blank\" rel=\"noopener\"><img loading=\"lazy\" decoding=\"async\" width=\"800\" height=\"800\" data-id=\"10437\" src=\"https:\/\/landesrat.hu\/wp-content\/uploads\/2023\/03\/LVO23-20.jpg\" alt=\"\" class=\"wp-image-10437\" srcset=\"https:\/\/landesrat.hu\/wp-content\/uploads\/2023\/03\/LVO23-20.jpg 800w, https:\/\/landesrat.hu\/wp-content\/uploads\/2023\/03\/LVO23-20-480x480.jpg 480w\" sizes=\"(min-width: 0px) and (max-width: 480px) 480px, (min-width: 481px) 800px, 100vw\" \/><\/a><\/figure>\n\n\n\n<figure class=\"wp-block-image size-large\"><a href=\"https:\/\/landesrat.hu\/wp-content\/uploads\/2023\/03\/LVO23-21-1024x576.jpg\" target=\"_blank\" rel=\"noopener\"><img loading=\"lazy\" decoding=\"async\" width=\"1024\" height=\"576\" data-id=\"10439\" src=\"https:\/\/landesrat.hu\/wp-content\/uploads\/2023\/03\/LVO23-21-1024x576.jpg\" alt=\"\" class=\"wp-image-10439\" srcset=\"https:\/\/landesrat.hu\/wp-content\/uploads\/2023\/03\/LVO23-21-980x551.jpg 980w, https:\/\/landesrat.hu\/wp-content\/uploads\/2023\/03\/LVO23-21-480x270.jpg 480w\" sizes=\"(min-width: 0px) and (max-width: 480px) 480px, (min-width: 481px) and (max-width: 980px) 980px, (min-width: 981px) 1024px, 100vw\" \/><\/a><\/figure>\n\n\n\n<figure class=\"wp-block-image size-large\"><a href=\"https:\/\/landesrat.hu\/wp-content\/uploads\/2023\/03\/LVO23-22.jpg\" target=\"_blank\" rel=\"noopener\"><img loading=\"lazy\" decoding=\"async\" width=\"571\" height=\"800\" data-id=\"10441\" src=\"https:\/\/landesrat.hu\/wp-content\/uploads\/2023\/03\/LVO23-22.jpg\" alt=\"\" class=\"wp-image-10441\" srcset=\"https:\/\/landesrat.hu\/wp-content\/uploads\/2023\/03\/LVO23-22.jpg 571w, https:\/\/landesrat.hu\/wp-content\/uploads\/2023\/03\/LVO23-22-480x673.jpg 480w\" sizes=\"(min-width: 0px) and (max-width: 480px) 480px, (min-width: 481px) 571px, 100vw\" \/><\/a><\/figure>\n\n\n\n<figure class=\"wp-block-image size-large\"><a href=\"https:\/\/landesrat.hu\/wp-content\/uploads\/2023\/03\/LVO23-26-1024x576.jpg\" target=\"_blank\" rel=\"noopener\"><img loading=\"lazy\" decoding=\"async\" width=\"1024\" height=\"576\" data-id=\"10449\" src=\"https:\/\/landesrat.hu\/wp-content\/uploads\/2023\/03\/LVO23-26-1024x576.jpg\" alt=\"\" class=\"wp-image-10449\" srcset=\"https:\/\/landesrat.hu\/wp-content\/uploads\/2023\/03\/LVO23-26-980x551.jpg 980w, https:\/\/landesrat.hu\/wp-content\/uploads\/2023\/03\/LVO23-26-480x270.jpg 480w\" sizes=\"(min-width: 0px) and (max-width: 480px) 480px, (min-width: 481px) and (max-width: 980px) 980px, (min-width: 981px) 1024px, 100vw\" \/><\/a><\/figure>\n\n\n\n<figure class=\"wp-block-image size-large\"><a href=\"https:\/\/landesrat.hu\/wp-content\/uploads\/2023\/03\/LVO23-29-1024x576.jpg\" target=\"_blank\" rel=\"noopener\"><img loading=\"lazy\" decoding=\"async\" width=\"1024\" height=\"576\" data-id=\"10455\" src=\"https:\/\/landesrat.hu\/wp-content\/uploads\/2023\/03\/LVO23-29-1024x576.jpg\" alt=\"\" class=\"wp-image-10455\" srcset=\"https:\/\/landesrat.hu\/wp-content\/uploads\/2023\/03\/LVO23-29-980x551.jpg 980w, https:\/\/landesrat.hu\/wp-content\/uploads\/2023\/03\/LVO23-29-480x270.jpg 480w\" sizes=\"(min-width: 0px) and (max-width: 480px) 480px, (min-width: 481px) and (max-width: 980px) 980px, (min-width: 981px) 1024px, 100vw\" \/><\/a><\/figure>\n\n\n\n<figure class=\"wp-block-image size-large\"><a href=\"https:\/\/landesrat.hu\/wp-content\/uploads\/2023\/03\/LVO23-31-1024x576.jpg\" target=\"_blank\" rel=\"noopener\"><img loading=\"lazy\" decoding=\"async\" width=\"1024\" height=\"576\" data-id=\"10459\" src=\"https:\/\/landesrat.hu\/wp-content\/uploads\/2023\/03\/LVO23-31-1024x576.jpg\" alt=\"\" class=\"wp-image-10459\" srcset=\"https:\/\/landesrat.hu\/wp-content\/uploads\/2023\/03\/LVO23-31-980x551.jpg 980w, https:\/\/landesrat.hu\/wp-content\/uploads\/2023\/03\/LVO23-31-480x270.jpg 480w\" sizes=\"(min-width: 0px) and (max-width: 480px) 480px, (min-width: 481px) and (max-width: 980px) 980px, (min-width: 981px) 1024px, 100vw\" \/><\/a><\/figure>\n\n\n\n<figure class=\"wp-block-image size-large\"><a href=\"https:\/\/landesrat.hu\/wp-content\/uploads\/2023\/03\/LVO23-34.jpg\" target=\"_blank\" rel=\"noopener\"><img loading=\"lazy\" decoding=\"async\" width=\"571\" height=\"800\" data-id=\"10465\" src=\"https:\/\/landesrat.hu\/wp-content\/uploads\/2023\/03\/LVO23-34.jpg\" alt=\"\" class=\"wp-image-10465\" srcset=\"https:\/\/landesrat.hu\/wp-content\/uploads\/2023\/03\/LVO23-34.jpg 571w, https:\/\/landesrat.hu\/wp-content\/uploads\/2023\/03\/LVO23-34-480x673.jpg 480w\" sizes=\"(min-width: 0px) and (max-width: 480px) 480px, (min-width: 481px) 571px, 100vw\" \/><\/a><\/figure>\n\n\n\n<figure class=\"wp-block-image size-large\"><a href=\"https:\/\/landesrat.hu\/wp-content\/uploads\/2023\/03\/LVO23-17-1024x576.jpg\" target=\"_blank\" rel=\"noopener\"><img loading=\"lazy\" decoding=\"async\" width=\"1024\" height=\"576\" data-id=\"10431\" src=\"https:\/\/landesrat.hu\/wp-content\/uploads\/2023\/03\/LVO23-17-1024x576.jpg\" alt=\"\" class=\"wp-image-10431\" srcset=\"https:\/\/landesrat.hu\/wp-content\/uploads\/2023\/03\/LVO23-17-980x551.jpg 980w, https:\/\/landesrat.hu\/wp-content\/uploads\/2023\/03\/LVO23-17-480x270.jpg 480w\" sizes=\"(min-width: 0px) and (max-width: 480px) 480px, (min-width: 481px) and (max-width: 980px) 980px, (min-width: 981px) 1024px, 100vw\" \/><\/a><\/figure>\n\n\n\n<figure class=\"wp-block-image size-large\"><a href=\"https:\/\/landesrat.hu\/wp-content\/uploads\/2023\/03\/LVO23-40-1024x576.jpg\" target=\"_blank\" rel=\"noopener\"><img loading=\"lazy\" decoding=\"async\" width=\"1024\" height=\"576\" data-id=\"10477\" src=\"https:\/\/landesrat.hu\/wp-content\/uploads\/2023\/03\/LVO23-40-1024x576.jpg\" alt=\"\" class=\"wp-image-10477\" srcset=\"https:\/\/landesrat.hu\/wp-content\/uploads\/2023\/03\/LVO23-40-980x551.jpg 980w, https:\/\/landesrat.hu\/wp-content\/uploads\/2023\/03\/LVO23-40-480x270.jpg 480w\" sizes=\"(min-width: 0px) and (max-width: 480px) 480px, (min-width: 481px) and (max-width: 980px) 980px, (min-width: 981px) 1024px, 100vw\" \/><\/a><\/figure>\n\n\n\n<figure class=\"wp-block-image size-large\"><a href=\"https:\/\/landesrat.hu\/wp-content\/uploads\/2023\/03\/LVO23-13-1024x576.jpg\" target=\"_blank\" rel=\"noopener\"><img loading=\"lazy\" decoding=\"async\" width=\"1024\" height=\"576\" data-id=\"10423\" src=\"https:\/\/landesrat.hu\/wp-content\/uploads\/2023\/03\/LVO23-13-1024x576.jpg\" alt=\"\" class=\"wp-image-10423\" srcset=\"https:\/\/landesrat.hu\/wp-content\/uploads\/2023\/03\/LVO23-13-980x551.jpg 980w, https:\/\/landesrat.hu\/wp-content\/uploads\/2023\/03\/LVO23-13-480x270.jpg 480w\" sizes=\"(min-width: 0px) and (max-width: 480px) 480px, (min-width: 481px) and (max-width: 980px) 980px, (min-width: 981px) 1024px, 100vw\" \/><\/a><\/figure>\n\n\n\n<figure class=\"wp-block-image size-large\"><a href=\"https:\/\/landesrat.hu\/wp-content\/uploads\/2023\/03\/LVO23-37-1024x576.jpg\" target=\"_blank\" rel=\"noopener\"><img loading=\"lazy\" decoding=\"async\" width=\"1024\" height=\"576\" data-id=\"10471\" src=\"https:\/\/landesrat.hu\/wp-content\/uploads\/2023\/03\/LVO23-37-1024x576.jpg\" alt=\"\" class=\"wp-image-10471\" srcset=\"https:\/\/landesrat.hu\/wp-content\/uploads\/2023\/03\/LVO23-37-980x551.jpg 980w, https:\/\/landesrat.hu\/wp-content\/uploads\/2023\/03\/LVO23-37-480x270.jpg 480w\" sizes=\"(min-width: 0px) and (max-width: 480px) 480px, (min-width: 481px) and (max-width: 980px) 980px, (min-width: 981px) 1024px, 100vw\" \/><\/a><\/figure>\n\n\n\n<figure class=\"wp-block-image size-large\"><a href=\"https:\/\/landesrat.hu\/wp-content\/uploads\/2023\/03\/LVO23-11-1024x576.jpg\" target=\"_blank\" rel=\"noopener\"><img loading=\"lazy\" decoding=\"async\" width=\"1024\" height=\"576\" data-id=\"10419\" src=\"https:\/\/landesrat.hu\/wp-content\/uploads\/2023\/03\/LVO23-11-1024x576.jpg\" alt=\"\" class=\"wp-image-10419\" srcset=\"https:\/\/landesrat.hu\/wp-content\/uploads\/2023\/03\/LVO23-11-980x551.jpg 980w, https:\/\/landesrat.hu\/wp-content\/uploads\/2023\/03\/LVO23-11-480x270.jpg 480w\" sizes=\"(min-width: 0px) and (max-width: 480px) 480px, (min-width: 481px) and (max-width: 980px) 980px, (min-width: 981px) 1024px, 100vw\" \/><\/a><\/figure>\n\n\n\n<figure class=\"wp-block-image size-large\"><a href=\"https:\/\/landesrat.hu\/wp-content\/uploads\/2023\/03\/LVO23-09-1024x576.jpg\" target=\"_blank\" rel=\"noopener\"><img loading=\"lazy\" decoding=\"async\" width=\"1024\" height=\"576\" data-id=\"10415\" src=\"https:\/\/landesrat.hu\/wp-content\/uploads\/2023\/03\/LVO23-09-1024x576.jpg\" alt=\"\" class=\"wp-image-10415\" srcset=\"https:\/\/landesrat.hu\/wp-content\/uploads\/2023\/03\/LVO23-09-980x551.jpg 980w, https:\/\/landesrat.hu\/wp-content\/uploads\/2023\/03\/LVO23-09-480x270.jpg 480w\" sizes=\"(min-width: 0px) and (max-width: 480px) 480px, (min-width: 481px) and (max-width: 980px) 980px, (min-width: 981px) 1024px, 100vw\" \/><\/a><\/figure>\n\n\n\n<figure class=\"wp-block-image size-large\"><a href=\"https:\/\/landesrat.hu\/wp-content\/uploads\/2023\/03\/LVO23-08-1024x576.jpg\" target=\"_blank\" rel=\"noopener\"><img loading=\"lazy\" decoding=\"async\" width=\"1024\" height=\"576\" data-id=\"10413\" src=\"https:\/\/landesrat.hu\/wp-content\/uploads\/2023\/03\/LVO23-08-1024x576.jpg\" alt=\"\" class=\"wp-image-10413\" srcset=\"https:\/\/landesrat.hu\/wp-content\/uploads\/2023\/03\/LVO23-08-980x551.jpg 980w, https:\/\/landesrat.hu\/wp-content\/uploads\/2023\/03\/LVO23-08-480x270.jpg 480w\" sizes=\"(min-width: 0px) and (max-width: 480px) 480px, (min-width: 481px) and (max-width: 980px) 980px, (min-width: 981px) 1024px, 100vw\" \/><\/a><\/figure>\n\n\n\n<figure class=\"wp-block-image size-large\"><a href=\"https:\/\/landesrat.hu\/wp-content\/uploads\/2023\/03\/LVO23-25-1024x683.jpg\" target=\"_blank\" rel=\"noopener\"><img loading=\"lazy\" decoding=\"async\" width=\"1024\" height=\"683\" data-id=\"10447\" src=\"https:\/\/landesrat.hu\/wp-content\/uploads\/2023\/03\/LVO23-25-1024x683.jpg\" alt=\"\" class=\"wp-image-10447\" srcset=\"https:\/\/landesrat.hu\/wp-content\/uploads\/2023\/03\/LVO23-25-1024x683.jpg 1024w, https:\/\/landesrat.hu\/wp-content\/uploads\/2023\/03\/LVO23-25-980x654.jpg 980w, https:\/\/landesrat.hu\/wp-content\/uploads\/2023\/03\/LVO23-25-480x320.jpg 480w\" sizes=\"(min-width: 0px) and (max-width: 480px) 480px, (min-width: 481px) and (max-width: 980px) 980px, (min-width: 981px) 1024px, 100vw\" \/><\/a><\/figure>\n\n\n\n<figure class=\"wp-block-image size-large\"><a href=\"https:\/\/landesrat.hu\/wp-content\/uploads\/2023\/03\/LVO23-01-1024x576.jpg\" target=\"_blank\" rel=\"noopener\"><img loading=\"lazy\" decoding=\"async\" width=\"1024\" height=\"576\" data-id=\"10399\" src=\"https:\/\/landesrat.hu\/wp-content\/uploads\/2023\/03\/LVO23-01-1024x576.jpg\" alt=\"\" class=\"wp-image-10399\" srcset=\"https:\/\/landesrat.hu\/wp-content\/uploads\/2023\/03\/LVO23-01-980x551.jpg 980w, https:\/\/landesrat.hu\/wp-content\/uploads\/2023\/03\/LVO23-01-480x270.jpg 480w\" sizes=\"(min-width: 0px) and (max-width: 480px) 480px, (min-width: 481px) and (max-width: 980px) 980px, (min-width: 981px) 1024px, 100vw\" \/><\/a><\/figure>\n<\/figure>\n","protected":false},"excerpt":{"rendered":"<p>Am 26. Februar setzte sich in Totwaschon der Vorstand des Landesrates zur ersten Vollversammlung in diesem Jahr zusammen. Die Vollversammlung ist ein wichtiges Ereignis des Jahres, da in deren Rahmen [&hellip;]<\/p>\n","protected":false},"author":7,"featured_media":5460,"comment_status":"closed","ping_status":"closed","sticky":false,"template":"","format":"standard","meta":{"_et_pb_use_builder":"","_et_pb_old_content":"","_et_gb_content_width":"","inline_featured_image":false,"footnotes":""},"categories":[103],"tags":[],"_links":{"self":[{"href":"https:\/\/landesrat.hu\/de\/wp-json\/wp\/v2\/posts\/10578"}],"collection":[{"href":"https:\/\/landesrat.hu\/de\/wp-json\/wp\/v2\/posts"}],"about":[{"href":"https:\/\/landesrat.hu\/de\/wp-json\/wp\/v2\/types\/post"}],"author":[{"embeddable":true,"href":"https:\/\/landesrat.hu\/de\/wp-json\/wp\/v2\/users\/7"}],"replies":[{"embeddable":true,"href":"https:\/\/landesrat.hu\/de\/wp-json\/wp\/v2\/comments?post=10578"}],"version-history":[{"count":6,"href":"https:\/\/landesrat.hu\/de\/wp-json\/wp\/v2\/posts\/10578\/revisions"}],"predecessor-version":[{"id":12895,"href":"https:\/\/landesrat.hu\/de\/wp-json\/wp\/v2\/posts\/10578\/revisions\/12895"}],"wp:featuredmedia":[{"embeddable":true,"href":"https:\/\/landesrat.hu\/de\/wp-json\/wp\/v2\/media\/5460"}],"wp:attachment":[{"href":"https:\/\/landesrat.hu\/de\/wp-json\/wp\/v2\/media?parent=10578"}],"wp:term":[{"taxonomy":"category","embeddable":true,"href":"https:\/\/landesrat.hu\/de\/wp-json\/wp\/v2\/categories?post=10578"},{"taxonomy":"post_tag","embeddable":true,"href":"https:\/\/landesrat.hu\/de\/wp-json\/wp\/v2\/tags?post=10578"}],"curies":[{"name":"wp","href":"https:\/\/api.w.org\/{rel}","templated":true}]}}