{"id":9772,"global_id":"landesrat.hu\/de\/?id=9772","global_id_lineage":["landesrat.hu\/de\/?id=9772"],"author":"8","status":"publish","date":"2023-01-24 19:13:27","date_utc":"2023-01-24 18:13:27","modified":"2023-01-24 19:13:57","modified_utc":"2023-01-24 18:13:57","url":"https:\/\/landesrat.hu\/de\/event\/farsangtemetes\/","rest_url":"https:\/\/landesrat.hu\/de\/wp-json\/tribe\/events\/v1\/events\/9772","title":"Farsangtemet\u00e9s","description":"<p>2023.02.21 -\u00e9n ism\u00e9t megrendez\u00e9sre ker\u00fcl Solym\u00e1ron a Farsangtemet\u00e9s. A rendezv\u00e9ny 18.00-kor veszi kezdet\u00e9t. Azt est alatt k\u00f6zrem\u0171k\u00f6dik a Schaumarer Musikbr\u00fcder, illetve a Schaumarer Musikanten.<\/p>","excerpt":"","slug":"farsangtemetes","image":false,"all_day":false,"start_date":"2023-02-21 18:00:00","start_date_details":{"year":"2023","month":"02","day":"21","hour":"18","minutes":"00","seconds":"00"},"end_date":"2023-02-21 22:00:00","end_date_details":{"year":"2023","month":"02","day":"21","hour":"22","minutes":"00","seconds":"00"},"utc_start_date":"2023-02-21 17:00:00","utc_start_date_details":{"year":"2023","month":"02","day":"21","hour":"17","minutes":"00","seconds":"00"},"utc_end_date":"2023-02-21 21:00:00","utc_end_date_details":{"year":"2023","month":"02","day":"21","hour":"21","minutes":"00","seconds":"00"},"timezone":"Europe\/Budapest","timezone_abbr":"CET","cost":"","cost_details":{"currency_symbol":"","currency_code":"","currency_position":"prefix","values":[]},"website":"https:\/\/www.facebook.com\/NNOsolymar","show_map":true,"show_map_link":true,"hide_from_listings":false,"sticky":false,"featured":false,"categories":[{"name":"Landeskalender","slug":"landeskalender-de","term_group":0,"term_taxonomy_id":135,"taxonomy":"tribe_events_cat","description":"","parent":0,"count":113,"filter":"raw","id":135,"urls":{"self":"https:\/\/landesrat.hu\/de\/wp-json\/tribe\/events\/v1\/categories\/135","collection":"https:\/\/landesrat.hu\/de\/wp-json\/tribe\/events\/v1\/categories"}},{"name":"Lok\u00e1lis rendezv\u00e9ny","slug":"lokalis-rendezveny-de","term_group":0,"term_taxonomy_id":136,"taxonomy":"tribe_events_cat","description":"","parent":0,"count":36,"filter":"raw","id":136,"urls":{"self":"https:\/\/landesrat.hu\/de\/wp-json\/tribe\/events\/v1\/categories\/136","collection":"https:\/\/landesrat.hu\/de\/wp-json\/tribe\/events\/v1\/categories"}}],"tags":[],"venue":{"id":9770,"author":"8","status":"publish","date":"2023-01-24 19:13:27","date_utc":"2023-01-24 18:13:27","modified":"2023-01-24 19:13:27","modified_utc":"2023-01-24 18:13:27","url":"https:\/\/landesrat.hu\/veranstaltungsort\/hunyadi-matyas-nemet-nemzetisegi-altalanos-iskola-es-muveszeti-alapiskola\/","venue":"Hunyadi M\u00e1ty\u00e1s N\u00e9met Nemzetis\u00e9gi \u00c1ltal\u00e1nos Iskola \u00e9s M\u0171v\u00e9szeti Alapiskola","slug":"hunyadi-matyas-nemet-nemzetisegi-altalanos-iskola-es-muveszeti-alapiskola","address":"Templom t\u00e9r 26","city":"Solym\u00e1r","country":"Magyarorsz\u00e1g","province":"Pest","zip":"2083","stateprovince":"Pest","geo_lat":47.5909501000000005888068699277937412261962890625,"geo_lng":18.9287743000000006077243597246706485748291015625,"json_ld":{"@type":"Place","name":"Hunyadi M\u00e1ty\u00e1s N\u00e9met Nemzetis\u00e9gi \u00c1ltal\u00e1nos Iskola \u00e9s M\u0171v\u00e9szeti Alapiskola","description":"","url":"https:\/\/landesrat.hu\/veranstaltungsort\/hunyadi-matyas-nemet-nemzetisegi-altalanos-iskola-es-muveszeti-alapiskola\/","address":{"@type":"PostalAddress","streetAddress":"Templom t\u00e9r 26","addressLocality":"Solym\u00e1r","addressRegion":"Pest","postalCode":"2083","addressCountry":"Magyarorsz\u00e1g"},"geo":{"@type":"GeoCoordinates","latitude":47.5909501000000005888068699277937412261962890625,"longitude":18.9287743000000006077243597246706485748291015625},"telephone":"","sameAs":""},"show_map":true,"show_map_link":true,"global_id":"landesrat.hu\/de\/?id=9770","global_id_lineage":["landesrat.hu\/de\/?id=9770"]},"organizer":[{"id":9771,"author":"8","status":"publish","date":"2023-01-24 19:13:28","date_utc":"2023-01-24 18:13:28","modified":"2023-01-24 19:13:28","modified_utc":"2023-01-24 18:13:28","url":"https:\/\/landesrat.hu\/veranstalter\/kamuti-laura\/","organizer":"Kamuti Laura","slug":"kamuti-laura","phone":"+36 20 211 3894","website":"https:\/\/www.nnos.hu\/","email":"laura.kamuti@nnos.hu","json_ld":{"@type":"Person","name":"Kamuti Laura","description":"","url":"https:\/\/www.nnos.hu\/","telephone":"+36 20 211 3894","email":"lau&#114;a.&#107;&#97;mu&#116;i&#64;&#110;n&#111;s.h&#117;","sameAs":"https:\/\/www.nnos.hu\/"},"global_id":"landesrat.hu\/de\/?id=9771","global_id_lineage":["landesrat.hu\/de\/?id=9771"]}],"json_ld":{"@context":"http:\/\/schema.org","@type":"Event","name":"Farsangtemet\u00e9s","description":"&lt;p&gt;2023.02.21 -\u00e9n ism\u00e9t megrendez\u00e9sre ker\u00fcl Solym\u00e1ron a Farsangtemet\u00e9s. A rendezv\u00e9ny 18.00-kor veszi kezdet\u00e9t. Azt est alatt k\u00f6zrem\u0171k\u00f6dik a Schaumarer Musikbr\u00fcder, illetve a Schaumarer Musikanten.&lt;\/p&gt;\\n","url":"https:\/\/landesrat.hu\/de\/event\/farsangtemetes\/","eventAttendanceMode":"https:\/\/schema.org\/OfflineEventAttendanceMode","eventStatus":"https:\/\/schema.org\/EventScheduled","startDate":"2023-02-21T18:00:00+01:00","endDate":"2023-02-21T22:00:00+01:00","location":{"@type":"Place","name":"Hunyadi M\u00e1ty\u00e1s N\u00e9met Nemzetis\u00e9gi \u00c1ltal\u00e1nos Iskola \u00e9s M\u0171v\u00e9szeti Alapiskola","description":"","url":"https:\/\/landesrat.hu\/veranstaltungsort\/hunyadi-matyas-nemet-nemzetisegi-altalanos-iskola-es-muveszeti-alapiskola\/","address":{"@type":"PostalAddress","streetAddress":"Templom t\u00e9r 26","addressLocality":"Solym\u00e1r","addressRegion":"Pest","postalCode":"2083","addressCountry":"Magyarorsz\u00e1g"},"geo":{"@type":"GeoCoordinates","latitude":47.5909501000000005888068699277937412261962890625,"longitude":18.9287743000000006077243597246706485748291015625},"telephone":"","sameAs":""},"organizer":{"@type":"Person","name":"Kamuti Laura","description":"","url":"https:\/\/www.nnos.hu\/","telephone":"+36 20 211 3894","email":"&#108;aur&#97;&#46;&#107;&#97;m&#117;ti&#64;n&#110;os&#46;hu","sameAs":"https:\/\/www.nnos.hu\/"},"performer":"Organization"}}