{"id":10626,"global_id":"landesrat.hu\/de\/?id=10626","global_id_lineage":["landesrat.hu\/de\/?id=10626"],"author":"8","status":"publish","date":"2023-03-11 20:15:59","date_utc":"2023-03-11 19:15:59","modified":"2023-03-11 20:18:16","modified_utc":"2023-03-11 19:18:16","url":"https:\/\/landesrat.hu\/de\/event\/xxv-fest-der-ungarndeutschen-kirchenmusik-2\/","rest_url":"https:\/\/landesrat.hu\/de\/wp-json\/tribe\/events\/v1\/events\/10626","title":"XXV. Fest der ungarndeutschen Kirchenmusik","description":"<p>Die Sektion f\u00fcr Kirchenmusik betrachtet es als eine grundlegende Aufgabe,\u00a0das deutschsprachige Glaubensleben und die deutschsprachige Kirchenmusik neu zu beleben. Sie organisiert in diesem Sinne von Jahr zu Jahr das Fest der ungarndeutschen Kirchenmusik, an dem Ch\u00f6re aus dem ganzen Land teilnehmen.<\/p>","excerpt":"","slug":"xxv-fest-der-ungarndeutschen-kirchenmusik-2","image":{"url":"https:\/\/landesrat.hu\/wp-content\/uploads\/2021\/02\/egyhazzene-belso.jpg","id":5138,"extension":"jpg","width":1920,"height":1273,"sizes":{"medium":{"width":300,"height":199,"mime-type":"image\/jpeg","url":"https:\/\/landesrat.hu\/wp-content\/uploads\/2021\/02\/egyhazzene-belso-300x199.jpg"},"large":{"width":1024,"height":679,"mime-type":"image\/jpeg","url":"https:\/\/landesrat.hu\/wp-content\/uploads\/2021\/02\/egyhazzene-belso-1024x679.jpg"},"thumbnail":{"width":150,"height":150,"mime-type":"image\/jpeg","url":"https:\/\/landesrat.hu\/wp-content\/uploads\/2021\/02\/egyhazzene-belso-150x150.jpg"},"medium_large":{"width":768,"height":509,"mime-type":"image\/jpeg","url":"https:\/\/landesrat.hu\/wp-content\/uploads\/2021\/02\/egyhazzene-belso-768x509.jpg"},"1536x1536":{"width":1536,"height":1018,"mime-type":"image\/jpeg","url":"https:\/\/landesrat.hu\/wp-content\/uploads\/2021\/02\/egyhazzene-belso-1536x1018.jpg"},"et-pb-post-main-image":{"width":400,"height":250,"mime-type":"image\/jpeg","url":"https:\/\/landesrat.hu\/wp-content\/uploads\/2021\/02\/egyhazzene-belso-400x250.jpg"},"et-pb-post-main-image-fullwidth":{"width":1080,"height":675,"mime-type":"image\/jpeg","url":"https:\/\/landesrat.hu\/wp-content\/uploads\/2021\/02\/egyhazzene-belso-1080x675.jpg"},"et-pb-portfolio-image":{"width":400,"height":284,"mime-type":"image\/jpeg","url":"https:\/\/landesrat.hu\/wp-content\/uploads\/2021\/02\/egyhazzene-belso-400x284.jpg"},"et-pb-portfolio-module-image":{"width":510,"height":382,"mime-type":"image\/jpeg","url":"https:\/\/landesrat.hu\/wp-content\/uploads\/2021\/02\/egyhazzene-belso-510x382.jpg"},"et-pb-portfolio-image-single":{"width":1080,"height":716,"mime-type":"image\/jpeg","url":"https:\/\/landesrat.hu\/wp-content\/uploads\/2021\/02\/egyhazzene-belso-1080x716.jpg"},"et-pb-gallery-module-image-portrait":{"width":400,"height":516,"mime-type":"image\/jpeg","url":"https:\/\/landesrat.hu\/wp-content\/uploads\/2021\/02\/egyhazzene-belso-400x516.jpg"},"et-pb-image--responsive--desktop":{"width":1280,"height":849,"mime-type":"image\/jpeg","url":"https:\/\/landesrat.hu\/wp-content\/uploads\/2021\/02\/egyhazzene-belso-1280x849.jpg"},"et-pb-image--responsive--tablet":{"width":980,"height":650,"mime-type":"image\/jpeg","url":"https:\/\/landesrat.hu\/wp-content\/uploads\/2021\/02\/egyhazzene-belso-980x650.jpg"},"et-pb-image--responsive--phone":{"width":480,"height":318,"mime-type":"image\/jpeg","url":"https:\/\/landesrat.hu\/wp-content\/uploads\/2021\/02\/egyhazzene-belso-480x318.jpg"}}},"all_day":false,"start_date":"2023-09-09 08:00:00","start_date_details":{"year":"2023","month":"09","day":"09","hour":"08","minutes":"00","seconds":"00"},"end_date":"2023-09-09 17:00:00","end_date_details":{"year":"2023","month":"09","day":"09","hour":"17","minutes":"00","seconds":"00"},"utc_start_date":"2023-09-09 06:00:00","utc_start_date_details":{"year":"2023","month":"09","day":"09","hour":"06","minutes":"00","seconds":"00"},"utc_end_date":"2023-09-09 15:00:00","utc_end_date_details":{"year":"2023","month":"09","day":"09","hour":"15","minutes":"00","seconds":"00"},"timezone":"Europe\/Budapest","timezone_abbr":"CEST","cost":"","cost_details":{"currency_symbol":"","currency_code":"","currency_position":"","values":[]},"website":"https:\/\/landesrat.hu\/de\/event\/xxv-fest-der-ungarndeutschen-kirchenmusik-2\/","show_map":true,"show_map_link":true,"hide_from_listings":false,"sticky":false,"featured":false,"categories":[{"name":"Kirchenmusiksektion","slug":"kirchenmusiksektion","term_group":0,"term_taxonomy_id":115,"taxonomy":"tribe_events_cat","description":"","parent":0,"count":14,"filter":"raw","id":115,"urls":{"self":"https:\/\/landesrat.hu\/de\/wp-json\/tribe\/events\/v1\/categories\/115","collection":"https:\/\/landesrat.hu\/de\/wp-json\/tribe\/events\/v1\/categories"}},{"name":"Landeskalender","slug":"landeskalender-de","term_group":0,"term_taxonomy_id":135,"taxonomy":"tribe_events_cat","description":"","parent":0,"count":113,"filter":"raw","id":135,"urls":{"self":"https:\/\/landesrat.hu\/de\/wp-json\/tribe\/events\/v1\/categories\/135","collection":"https:\/\/landesrat.hu\/de\/wp-json\/tribe\/events\/v1\/categories"}},{"name":"Landesrat","slug":"landesrat-de-2","term_group":0,"term_taxonomy_id":137,"taxonomy":"tribe_events_cat","description":"","parent":0,"count":77,"filter":"raw","id":137,"urls":{"self":"https:\/\/landesrat.hu\/de\/wp-json\/tribe\/events\/v1\/categories\/137","collection":"https:\/\/landesrat.hu\/de\/wp-json\/tribe\/events\/v1\/categories"}}],"tags":[],"venue":{"id":10122,"author":"7","status":"publish","date":"2023-02-12 19:49:58","date_utc":"2023-02-12 18:49:58","modified":"2023-03-26 20:26:51","modified_utc":"2023-03-26 18:26:51","url":"https:\/\/landesrat.hu\/veranstaltungsort\/bodajk\/","venue":"Seg\u00edt\u0151 Sz\u0171z M\u00e1ria-kegytemplom","slug":"bodajk","address":"Szent Istv\u00e1n t\u00e9r 1.","city":"Bodajk","country":"Magyarorsz\u00e1g","zip":"8053","geo_lat":47.32105450000000246291165240108966827392578125,"geo_lng":18.2405471000000005687979864887893199920654296875,"json_ld":{"@type":"Place","name":"Seg\u00edt\u0151 Sz\u0171z M\u00e1ria-kegytemplom","description":"","url":"https:\/\/landesrat.hu\/veranstaltungsort\/bodajk\/","address":{"@type":"PostalAddress","streetAddress":"Szent Istv\u00e1n t\u00e9r 1.","addressLocality":"Bodajk","postalCode":"8053","addressCountry":"Magyarorsz\u00e1g"},"geo":{"@type":"GeoCoordinates","latitude":47.32105450000000246291165240108966827392578125,"longitude":18.2405471000000005687979864887893199920654296875},"telephone":"","sameAs":""},"show_map":true,"show_map_link":true,"global_id":"landesrat.hu\/de\/?id=10122","global_id_lineage":["landesrat.hu\/de\/?id=10122"]},"organizer":[],"json_ld":{"@context":"http:\/\/schema.org","@type":"Event","name":"XXV. Fest der ungarndeutschen Kirchenmusik","description":"&lt;p&gt;Die Sektion f\u00fcr Kirchenmusik betrachtet es als eine grundlegende Aufgabe,\u00a0das deutschsprachige Glaubensleben und die deutschsprachige Kirchenmusik neu zu beleben. Sie organisiert in diesem Sinne von Jahr zu Jahr das Fest [&hellip;]&lt;\/p&gt;\\n","image":"https:\/\/landesrat.hu\/wp-content\/uploads\/2021\/02\/egyhazzene-belso.jpg","url":"https:\/\/landesrat.hu\/de\/event\/xxv-fest-der-ungarndeutschen-kirchenmusik-2\/","eventAttendanceMode":"https:\/\/schema.org\/OfflineEventAttendanceMode","eventStatus":"https:\/\/schema.org\/EventScheduled","startDate":"2023-09-09T08:00:00+02:00","endDate":"2023-09-09T17:00:00+02:00","location":{"@type":"Place","name":"Seg\u00edt\u0151 Sz\u0171z M\u00e1ria-kegytemplom","description":"","url":"https:\/\/landesrat.hu\/veranstaltungsort\/bodajk\/","address":{"@type":"PostalAddress","streetAddress":"Szent Istv\u00e1n t\u00e9r 1.","addressLocality":"Bodajk","postalCode":"8053","addressCountry":"Magyarorsz\u00e1g"},"geo":{"@type":"GeoCoordinates","latitude":47.32105450000000246291165240108966827392578125,"longitude":18.2405471000000005687979864887893199920654296875},"telephone":"","sameAs":""},"performer":"Organization"}}